{"id":2942,"date":"2024-03-11T20:09:00","date_gmt":"2024-03-11T19:09:00","guid":{"rendered":"https:\/\/web.graphisme.pro\/Servaville\/?p=2942"},"modified":"2024-03-19T08:53:55","modified_gmt":"2024-03-19T07:53:55","slug":"avis-de-la-population-de-servaville-salmonville","status":"publish","type":"post","link":"https:\/\/web.graphisme.pro\/Servaville\/avis-de-la-population-de-servaville-salmonville\/","title":{"rendered":"Avis de la population de Servaville-Salmonville"},"content":{"rendered":"\n<h2 class=\"wp-block-heading has-text-align-center\">D\u00e9finition des zones d\u2019acc\u00e9l\u00e9ration du d\u00e9veloppement<br>des \u00e9nergies renouvelables<\/h2>\n\n\n\n<h3 class=\"wp-block-heading\">Contexte\u00a0:<\/h3>\n\n\n\n<p>La loi n\u00b0 2023-175 du 10 mars 2023 relative \u00e0 l\u2019acc\u00e9l\u00e9ration de la production d\u2019\u00e9nergies renouvelables vise \u00e0 acc\u00e9l\u00e9rer le d\u00e9veloppement des \u00e9nergies renouvelables de mani\u00e8re \u00e0 lutter contre le changement climatique et pr\u00e9server la s\u00e9curit\u00e9 d\u2019approvisionnement de la France en \u00e9lectricit\u00e9. L\u2019article 15 de la loi a introduit dans le code de l\u2019\u00e9nergie un dispositif de planification territoriale \u00e0 la main des communes. D\u2019ici la fin de l\u2019ann\u00e9e 2023, les communes sont invit\u00e9es \u00e0 identifier les zones d\u2019acc\u00e9l\u00e9ration pour l\u2019implantation d\u2019installations terrestres de production d\u2019\u00e9nergie renouvelable.<\/p>\n\n\n\n<p>En application de l\u2019article L141-5-3 du code de l\u2019\u00e9nergie, ces zones sont d\u00e9finies, pour chaque cat\u00e9gorie de sources et de types d\u2019installation de production d\u2019\u00e9nergies renouvelables&nbsp;: \u00e9olien terrestre, photovolta\u00efque, m\u00e9thanisation, hydro\u00e9lectricit\u00e9, g\u00e9othermie, en tenant compte de la n\u00e9cessaire diversification des \u00e9nergies renouvelables en fonction des potentiels du territoire concern\u00e9 et de la puissance des projets d\u2019\u00e9nergies renouvelables d\u00e9j\u00e0 install\u00e9e.<\/p>\n\n\n\n<p>La zone d\u2019acc\u00e9l\u00e9ration illustre la volont\u00e9 de la commune d\u2019orienter pr\u00e9f\u00e9rentiellement les projets vers des espaces qu\u2019elle estime adapt\u00e9s. Ces projets pourront b\u00e9n\u00e9ficier de m\u00e9canismes financiers incitatifs. En revanche, pour un projet, le fait d\u2019\u00eatre situ\u00e9 en zone d\u2019acc\u00e9l\u00e9ration ne garantit pas la d\u00e9livrance de son autorisation ou de son permis. Le projet doit dans tous les cas respecter les dispositions r\u00e9glementaires applicables. Un projet peut \u00e9galement s\u2019implanter en dehors des zones d\u2019acc\u00e9l\u00e9ration. Dans ce cas, un comit\u00e9 de projet sera obligatoire. Ce comit\u00e9 inclura les diff\u00e9rentes parties prenantes concern\u00e9es par un projet d&rsquo;\u00e9nergie renouvelable, dont les communes limitrophes.&nbsp;<\/p>\n\n\n\n<p>Dans le cas o\u00f9 les zones d\u2019acc\u00e9l\u00e9ration au niveau r\u00e9gional sont suffisantes pour atteindre les objectifs r\u00e9gionaux de d\u00e9veloppement des \u00e9nergies renouvelables, la commune peut d\u00e9finir des zones d\u2019exclusion de ces projets.<\/p>\n\n\n\n<h3 class=\"wp-block-heading\">Avis de la population\u00a0:<\/h3>\n\n\n\n<p>La population est appel\u00e9e \u00e0 donner son avis du 15 au 31 mars 2024 sur les propositions de zone d\u2019acc\u00e9l\u00e9ration du d\u00e9veloppement des \u00e9nergies renouvelables par type de production&nbsp;:<\/p>\n\n\n\n<ul>\n<li>Les \u00e9oliennes<\/li>\n\n\n\n<li>Les panneaux photovolta\u00efques<\/li>\n\n\n\n<li>Les m\u00e9thaniseurs<\/li>\n\n\n\n<li>La g\u00e9othermie<\/li>\n<\/ul>\n\n\n\n<p>Vous trouverez ci-dessous les 4 cartes d\u00e9crivant les zones pour chaque \u00e9nergie renouvelable.<\/p>\n\n\n\n<div style=\"height:var(--wp--preset--spacing--small)\" aria-hidden=\"true\" class=\"wp-block-spacer\"><\/div>\n\n\n\n<div class=\"wp-block-columns is-layout-flex wp-container-core-columns-is-layout-1 wp-block-columns-is-layout-flex\">\n<div class=\"wp-block-column is-layout-flow wp-block-column-is-layout-flow\">\n<figure class=\"wp-block-image size-large\"><img loading=\"lazy\" decoding=\"async\" width=\"1024\" height=\"724\" src=\"https:\/\/web.graphisme.pro\/Servaville\/wp-content\/uploads\/2024\/03\/Servaville-Salmonville-_-zonage-eolien-1024x724.png\" alt=\"\" class=\"wp-image-2943\" srcset=\"https:\/\/web.graphisme.pro\/Servaville\/wp-content\/uploads\/2024\/03\/Servaville-Salmonville-_-zonage-eolien-1024x724.png 1024w, https:\/\/web.graphisme.pro\/Servaville\/wp-content\/uploads\/2024\/03\/Servaville-Salmonville-_-zonage-eolien-300x212.png 300w, https:\/\/web.graphisme.pro\/Servaville\/wp-content\/uploads\/2024\/03\/Servaville-Salmonville-_-zonage-eolien-768x543.png 768w, https:\/\/web.graphisme.pro\/Servaville\/wp-content\/uploads\/2024\/03\/Servaville-Salmonville-_-zonage-eolien-1536x1086.png 1536w, https:\/\/web.graphisme.pro\/Servaville\/wp-content\/uploads\/2024\/03\/Servaville-Salmonville-_-zonage-eolien-2048x1448.png 2048w\" sizes=\"(max-width: 1024px) 100vw, 1024px\" \/><\/figure>\n<\/div>\n\n\n\n<div class=\"wp-block-column is-layout-flow wp-block-column-is-layout-flow\">\n<figure class=\"wp-block-image size-large\"><img loading=\"lazy\" decoding=\"async\" width=\"1024\" height=\"724\" src=\"https:\/\/web.graphisme.pro\/Servaville\/wp-content\/uploads\/2024\/03\/Servaville-Salmonville-photovoltaique-en-toiture-1024x724.png\" alt=\"\" class=\"wp-image-2944\" srcset=\"https:\/\/web.graphisme.pro\/Servaville\/wp-content\/uploads\/2024\/03\/Servaville-Salmonville-photovoltaique-en-toiture-1024x724.png 1024w, https:\/\/web.graphisme.pro\/Servaville\/wp-content\/uploads\/2024\/03\/Servaville-Salmonville-photovoltaique-en-toiture-300x212.png 300w, https:\/\/web.graphisme.pro\/Servaville\/wp-content\/uploads\/2024\/03\/Servaville-Salmonville-photovoltaique-en-toiture-768x543.png 768w, https:\/\/web.graphisme.pro\/Servaville\/wp-content\/uploads\/2024\/03\/Servaville-Salmonville-photovoltaique-en-toiture-1536x1086.png 1536w, https:\/\/web.graphisme.pro\/Servaville\/wp-content\/uploads\/2024\/03\/Servaville-Salmonville-photovoltaique-en-toiture-2048x1448.png 2048w\" sizes=\"(max-width: 1024px) 100vw, 1024px\" \/><\/figure>\n<\/div>\n<\/div>\n\n\n\n<div class=\"wp-block-columns is-layout-flex wp-container-core-columns-is-layout-2 wp-block-columns-is-layout-flex\">\n<div class=\"wp-block-column is-layout-flow wp-block-column-is-layout-flow\">\n<figure class=\"wp-block-image size-large\"><img loading=\"lazy\" decoding=\"async\" width=\"1024\" height=\"724\" src=\"https:\/\/web.graphisme.pro\/Servaville\/wp-content\/uploads\/2024\/03\/Servaville-zone-methanisation-1024x724.png\" alt=\"\" class=\"wp-image-2945\" srcset=\"https:\/\/web.graphisme.pro\/Servaville\/wp-content\/uploads\/2024\/03\/Servaville-zone-methanisation-1024x724.png 1024w, https:\/\/web.graphisme.pro\/Servaville\/wp-content\/uploads\/2024\/03\/Servaville-zone-methanisation-300x212.png 300w, https:\/\/web.graphisme.pro\/Servaville\/wp-content\/uploads\/2024\/03\/Servaville-zone-methanisation-768x543.png 768w, https:\/\/web.graphisme.pro\/Servaville\/wp-content\/uploads\/2024\/03\/Servaville-zone-methanisation-1536x1086.png 1536w, https:\/\/web.graphisme.pro\/Servaville\/wp-content\/uploads\/2024\/03\/Servaville-zone-methanisation-2048x1448.png 2048w\" sizes=\"(max-width: 1024px) 100vw, 1024px\" \/><\/figure>\n<\/div>\n\n\n\n<div class=\"wp-block-column is-layout-flow wp-block-column-is-layout-flow\">\n<figure class=\"wp-block-image size-large\"><img loading=\"lazy\" decoding=\"async\" width=\"1024\" height=\"724\" src=\"https:\/\/web.graphisme.pro\/Servaville\/wp-content\/uploads\/2024\/03\/Servaville-Salmonville-geothermie-1024x724.png\" alt=\"\" class=\"wp-image-2946\" srcset=\"https:\/\/web.graphisme.pro\/Servaville\/wp-content\/uploads\/2024\/03\/Servaville-Salmonville-geothermie-1024x724.png 1024w, https:\/\/web.graphisme.pro\/Servaville\/wp-content\/uploads\/2024\/03\/Servaville-Salmonville-geothermie-300x212.png 300w, https:\/\/web.graphisme.pro\/Servaville\/wp-content\/uploads\/2024\/03\/Servaville-Salmonville-geothermie-768x543.png 768w, https:\/\/web.graphisme.pro\/Servaville\/wp-content\/uploads\/2024\/03\/Servaville-Salmonville-geothermie-1536x1086.png 1536w, https:\/\/web.graphisme.pro\/Servaville\/wp-content\/uploads\/2024\/03\/Servaville-Salmonville-geothermie-2048x1448.png 2048w\" sizes=\"(max-width: 1024px) 100vw, 1024px\" \/><\/figure>\n<\/div>\n<\/div>\n\n\n\n<div style=\"height:var(--wp--preset--spacing--medium)\" aria-hidden=\"true\" class=\"wp-block-spacer\"><\/div>\n\n\n\n<p><strong>Un registre destin\u00e9 \u00e0 recueillir les suggestions et avis du public est mis \u00e0 disposition du public aux horaires habituels d\u2019ouverture.<\/strong><\/p>\n\n\n\n<p>&nbsp;&nbsp;&nbsp;&nbsp;&nbsp;&nbsp;&nbsp;&nbsp;&nbsp;&nbsp;&nbsp;&nbsp;&nbsp;&nbsp;&nbsp;&nbsp;&nbsp;&nbsp;&nbsp;&nbsp;&nbsp;&nbsp;&nbsp;&nbsp;&nbsp;&nbsp;&nbsp;&nbsp;&nbsp;&nbsp;&nbsp;&nbsp;&nbsp;&nbsp;&nbsp;&nbsp;&nbsp;&nbsp;&nbsp;&nbsp;&nbsp;&nbsp;&nbsp;&nbsp;&nbsp;&nbsp;&nbsp;&nbsp;&nbsp;&nbsp;&nbsp;&nbsp;&nbsp;&nbsp;&nbsp;&nbsp;&nbsp;&nbsp;&nbsp;&nbsp;&nbsp;&nbsp;&nbsp;&nbsp;&nbsp;&nbsp;&nbsp;&nbsp;&nbsp;&nbsp;&nbsp;&nbsp;&nbsp;&nbsp;&nbsp;&nbsp;&nbsp;&nbsp;&nbsp;&nbsp;&nbsp;&nbsp;&nbsp;&nbsp;&nbsp;&nbsp;&nbsp;&nbsp;&nbsp;&nbsp;&nbsp;&nbsp;&nbsp;&nbsp;&nbsp;&nbsp;&nbsp;&nbsp;&nbsp;&nbsp;&nbsp;&nbsp;&nbsp;&nbsp;&nbsp;&nbsp;&nbsp;&nbsp;&nbsp;&nbsp;&nbsp;&nbsp;&nbsp; Le maire, Jean-Paul DUPRESSOIR<\/p>\n","protected":false},"excerpt":{"rendered":"<p>D\u00e9finition des zones d\u2019acc\u00e9l\u00e9ration du d\u00e9veloppementdes \u00e9nergies renouvelables Contexte\u00a0: La loi n\u00b0 2023-175 du 10 mars 2023 relative \u00e0 l\u2019acc\u00e9l\u00e9ration de la production d\u2019\u00e9nergies renouvelables vise \u00e0 acc\u00e9l\u00e9rer le d\u00e9veloppement [&hellip;]<\/p>\n","protected":false},"author":1,"featured_media":0,"comment_status":"closed","ping_status":"closed","sticky":false,"template":"","format":"standard","meta":{"_EventAllDay":false,"_EventTimezone":"","_EventStartDate":"","_EventEndDate":"","_EventStartDateUTC":"","_EventEndDateUTC":"","_EventShowMap":false,"_EventShowMapLink":false,"_EventURL":"","_EventCost":"","_EventCostDescription":"","_EventCurrencySymbol":"","_EventCurrencyCode":"","_EventCurrencyPosition":"","_EventDateTimeSeparator":"","_EventTimeRangeSeparator":"","_EventOrganizerID":[],"_EventVenueID":[],"_OrganizerEmail":"","_OrganizerPhone":"","_OrganizerWebsite":"","_VenueAddress":"","_VenueCity":"","_VenueCountry":"","_VenueProvince":"","_VenueState":"","_VenueZip":"","_VenuePhone":"","_VenueURL":"","_VenueStateProvince":"","_VenueLat":"","_VenueLng":"","_VenueShowMap":false,"_VenueShowMapLink":false,"footnotes":""},"categories":[1],"tags":[],"yoast_head":"<!-- This site is optimized with the Yoast SEO plugin v22.6 - https:\/\/yoast.com\/wordpress\/plugins\/seo\/ -->\n<title>Avis de la population de Servaville-Salmonville - Mairie de Servaville-Salmonville<\/title>\n<meta name=\"robots\" content=\"index, follow, max-snippet:-1, max-image-preview:large, max-video-preview:-1\" \/>\n<link rel=\"canonical\" href=\"https:\/\/web.graphisme.pro\/Servaville\/avis-de-la-population-de-servaville-salmonville\/\" \/>\n<meta property=\"og:locale\" content=\"fr_FR\" \/>\n<meta property=\"og:type\" content=\"article\" \/>\n<meta property=\"og:title\" content=\"Avis de la population de Servaville-Salmonville - Mairie de Servaville-Salmonville\" \/>\n<meta property=\"og:description\" content=\"D\u00e9finition des zones d\u2019acc\u00e9l\u00e9ration du d\u00e9veloppementdes \u00e9nergies renouvelables Contexte\u00a0: La loi n\u00b0 2023-175 du 10 mars 2023 relative \u00e0 l\u2019acc\u00e9l\u00e9ration de la production d\u2019\u00e9nergies renouvelables vise \u00e0 acc\u00e9l\u00e9rer le d\u00e9veloppement [&hellip;]\" \/>\n<meta property=\"og:url\" content=\"https:\/\/web.graphisme.pro\/Servaville\/avis-de-la-population-de-servaville-salmonville\/\" \/>\n<meta property=\"og:site_name\" content=\"Mairie de Servaville-Salmonville\" \/>\n<meta property=\"article:published_time\" content=\"2024-03-11T19:09:00+00:00\" \/>\n<meta property=\"article:modified_time\" content=\"2024-03-19T07:53:55+00:00\" \/>\n<meta property=\"og:image\" content=\"https:\/\/web.graphisme.pro\/Servaville\/wp-content\/uploads\/2024\/03\/Servaville-Salmonville-_-zonage-eolien-1024x724.png\" \/>\n<meta name=\"author\" content=\"Servaville-mairie\" \/>\n<meta name=\"twitter:card\" content=\"summary_large_image\" \/>\n<meta name=\"twitter:label1\" content=\"\u00c9crit par\" \/>\n\t<meta name=\"twitter:data1\" content=\"Servaville-mairie\" \/>\n\t<meta name=\"twitter:label2\" content=\"Dur\u00e9e de lecture estim\u00e9e\" \/>\n\t<meta name=\"twitter:data2\" content=\"3 minutes\" \/>\n<script type=\"application\/ld+json\" class=\"yoast-schema-graph\">{\"@context\":\"https:\/\/schema.org\",\"@graph\":[{\"@type\":\"Article\",\"@id\":\"https:\/\/web.graphisme.pro\/Servaville\/avis-de-la-population-de-servaville-salmonville\/#article\",\"isPartOf\":{\"@id\":\"https:\/\/web.graphisme.pro\/Servaville\/avis-de-la-population-de-servaville-salmonville\/\"},\"author\":{\"name\":\"Servaville-mairie\",\"@id\":\"https:\/\/web.graphisme.pro\/Servaville\/#\/schema\/person\/2444496edd3f3b3eecc9a217d6c16ac0\"},\"headline\":\"Avis de la population de Servaville-Salmonville\",\"datePublished\":\"2024-03-11T19:09:00+00:00\",\"dateModified\":\"2024-03-19T07:53:55+00:00\",\"mainEntityOfPage\":{\"@id\":\"https:\/\/web.graphisme.pro\/Servaville\/avis-de-la-population-de-servaville-salmonville\/\"},\"wordCount\":558,\"publisher\":{\"@id\":\"https:\/\/web.graphisme.pro\/Servaville\/#organization\"},\"image\":{\"@id\":\"https:\/\/web.graphisme.pro\/Servaville\/avis-de-la-population-de-servaville-salmonville\/#primaryimage\"},\"thumbnailUrl\":\"https:\/\/web.graphisme.pro\/Servaville\/wp-content\/uploads\/2024\/03\/Servaville-Salmonville-_-zonage-eolien-1024x724.png\",\"articleSection\":[\"Actualit\u00e9s\"],\"inLanguage\":\"fr-FR\"},{\"@type\":\"WebPage\",\"@id\":\"https:\/\/web.graphisme.pro\/Servaville\/avis-de-la-population-de-servaville-salmonville\/\",\"url\":\"https:\/\/web.graphisme.pro\/Servaville\/avis-de-la-population-de-servaville-salmonville\/\",\"name\":\"Avis de la population de Servaville-Salmonville - Mairie de Servaville-Salmonville\",\"isPartOf\":{\"@id\":\"https:\/\/web.graphisme.pro\/Servaville\/#website\"},\"primaryImageOfPage\":{\"@id\":\"https:\/\/web.graphisme.pro\/Servaville\/avis-de-la-population-de-servaville-salmonville\/#primaryimage\"},\"image\":{\"@id\":\"https:\/\/web.graphisme.pro\/Servaville\/avis-de-la-population-de-servaville-salmonville\/#primaryimage\"},\"thumbnailUrl\":\"https:\/\/web.graphisme.pro\/Servaville\/wp-content\/uploads\/2024\/03\/Servaville-Salmonville-_-zonage-eolien-1024x724.png\",\"datePublished\":\"2024-03-11T19:09:00+00:00\",\"dateModified\":\"2024-03-19T07:53:55+00:00\",\"breadcrumb\":{\"@id\":\"https:\/\/web.graphisme.pro\/Servaville\/avis-de-la-population-de-servaville-salmonville\/#breadcrumb\"},\"inLanguage\":\"fr-FR\",\"potentialAction\":[{\"@type\":\"ReadAction\",\"target\":[\"https:\/\/web.graphisme.pro\/Servaville\/avis-de-la-population-de-servaville-salmonville\/\"]}]},{\"@type\":\"ImageObject\",\"inLanguage\":\"fr-FR\",\"@id\":\"https:\/\/web.graphisme.pro\/Servaville\/avis-de-la-population-de-servaville-salmonville\/#primaryimage\",\"url\":\"https:\/\/web.graphisme.pro\/Servaville\/wp-content\/uploads\/2024\/03\/Servaville-Salmonville-_-zonage-eolien.png\",\"contentUrl\":\"https:\/\/web.graphisme.pro\/Servaville\/wp-content\/uploads\/2024\/03\/Servaville-Salmonville-_-zonage-eolien.png\",\"width\":3507,\"height\":2480},{\"@type\":\"BreadcrumbList\",\"@id\":\"https:\/\/web.graphisme.pro\/Servaville\/avis-de-la-population-de-servaville-salmonville\/#breadcrumb\",\"itemListElement\":[{\"@type\":\"ListItem\",\"position\":1,\"name\":\"Accueil\",\"item\":\"https:\/\/web.graphisme.pro\/Servaville\/\"},{\"@type\":\"ListItem\",\"position\":2,\"name\":\"Avis de la population de Servaville-Salmonville\"}]},{\"@type\":\"WebSite\",\"@id\":\"https:\/\/web.graphisme.pro\/Servaville\/#website\",\"url\":\"https:\/\/web.graphisme.pro\/Servaville\/\",\"name\":\"Mairie de Servaville-Salmonville\",\"description\":\"Seine-Maritime Normandie\",\"publisher\":{\"@id\":\"https:\/\/web.graphisme.pro\/Servaville\/#organization\"},\"potentialAction\":[{\"@type\":\"SearchAction\",\"target\":{\"@type\":\"EntryPoint\",\"urlTemplate\":\"https:\/\/web.graphisme.pro\/Servaville\/?s={search_term_string}\"},\"query-input\":\"required name=search_term_string\"}],\"inLanguage\":\"fr-FR\"},{\"@type\":\"Organization\",\"@id\":\"https:\/\/web.graphisme.pro\/Servaville\/#organization\",\"name\":\"Mairie de Servaville-Salmonville\",\"url\":\"https:\/\/web.graphisme.pro\/Servaville\/\",\"logo\":{\"@type\":\"ImageObject\",\"inLanguage\":\"fr-FR\",\"@id\":\"https:\/\/web.graphisme.pro\/Servaville\/#\/schema\/logo\/image\/\",\"url\":\"https:\/\/web.graphisme.pro\/Servaville\/wp-content\/uploads\/2020\/08\/servaville_logo-e1598278648383.png\",\"contentUrl\":\"https:\/\/web.graphisme.pro\/Servaville\/wp-content\/uploads\/2020\/08\/servaville_logo-e1598278648383.png\",\"width\":300,\"height\":236,\"caption\":\"Mairie de Servaville-Salmonville\"},\"image\":{\"@id\":\"https:\/\/web.graphisme.pro\/Servaville\/#\/schema\/logo\/image\/\"},\"sameAs\":[\"https:\/\/fr.wikipedia.org\/wiki\/Servaville-Salmonville\"]},{\"@type\":\"Person\",\"@id\":\"https:\/\/web.graphisme.pro\/Servaville\/#\/schema\/person\/2444496edd3f3b3eecc9a217d6c16ac0\",\"name\":\"Servaville-mairie\",\"sameAs\":[\"https:\/\/web.graphisme.pro\/Servaville\"],\"url\":\"https:\/\/web.graphisme.pro\/Servaville\/author\/servaville-mairie\/\"}]}<\/script>\n<!-- \/ Yoast SEO plugin. -->","yoast_head_json":{"title":"Avis de la population de Servaville-Salmonville - Mairie de Servaville-Salmonville","robots":{"index":"index","follow":"follow","max-snippet":"max-snippet:-1","max-image-preview":"max-image-preview:large","max-video-preview":"max-video-preview:-1"},"canonical":"https:\/\/web.graphisme.pro\/Servaville\/avis-de-la-population-de-servaville-salmonville\/","og_locale":"fr_FR","og_type":"article","og_title":"Avis de la population de Servaville-Salmonville - Mairie de Servaville-Salmonville","og_description":"D\u00e9finition des zones d\u2019acc\u00e9l\u00e9ration du d\u00e9veloppementdes \u00e9nergies renouvelables Contexte\u00a0: La loi n\u00b0 2023-175 du 10 mars 2023 relative \u00e0 l\u2019acc\u00e9l\u00e9ration de la production d\u2019\u00e9nergies renouvelables vise \u00e0 acc\u00e9l\u00e9rer le d\u00e9veloppement [&hellip;]","og_url":"https:\/\/web.graphisme.pro\/Servaville\/avis-de-la-population-de-servaville-salmonville\/","og_site_name":"Mairie de Servaville-Salmonville","article_published_time":"2024-03-11T19:09:00+00:00","article_modified_time":"2024-03-19T07:53:55+00:00","og_image":[{"url":"https:\/\/web.graphisme.pro\/Servaville\/wp-content\/uploads\/2024\/03\/Servaville-Salmonville-_-zonage-eolien-1024x724.png"}],"author":"Servaville-mairie","twitter_card":"summary_large_image","twitter_misc":{"\u00c9crit par":"Servaville-mairie","Dur\u00e9e de lecture estim\u00e9e":"3 minutes"},"schema":{"@context":"https:\/\/schema.org","@graph":[{"@type":"Article","@id":"https:\/\/web.graphisme.pro\/Servaville\/avis-de-la-population-de-servaville-salmonville\/#article","isPartOf":{"@id":"https:\/\/web.graphisme.pro\/Servaville\/avis-de-la-population-de-servaville-salmonville\/"},"author":{"name":"Servaville-mairie","@id":"https:\/\/web.graphisme.pro\/Servaville\/#\/schema\/person\/2444496edd3f3b3eecc9a217d6c16ac0"},"headline":"Avis de la population de Servaville-Salmonville","datePublished":"2024-03-11T19:09:00+00:00","dateModified":"2024-03-19T07:53:55+00:00","mainEntityOfPage":{"@id":"https:\/\/web.graphisme.pro\/Servaville\/avis-de-la-population-de-servaville-salmonville\/"},"wordCount":558,"publisher":{"@id":"https:\/\/web.graphisme.pro\/Servaville\/#organization"},"image":{"@id":"https:\/\/web.graphisme.pro\/Servaville\/avis-de-la-population-de-servaville-salmonville\/#primaryimage"},"thumbnailUrl":"https:\/\/web.graphisme.pro\/Servaville\/wp-content\/uploads\/2024\/03\/Servaville-Salmonville-_-zonage-eolien-1024x724.png","articleSection":["Actualit\u00e9s"],"inLanguage":"fr-FR"},{"@type":"WebPage","@id":"https:\/\/web.graphisme.pro\/Servaville\/avis-de-la-population-de-servaville-salmonville\/","url":"https:\/\/web.graphisme.pro\/Servaville\/avis-de-la-population-de-servaville-salmonville\/","name":"Avis de la population de Servaville-Salmonville - Mairie de Servaville-Salmonville","isPartOf":{"@id":"https:\/\/web.graphisme.pro\/Servaville\/#website"},"primaryImageOfPage":{"@id":"https:\/\/web.graphisme.pro\/Servaville\/avis-de-la-population-de-servaville-salmonville\/#primaryimage"},"image":{"@id":"https:\/\/web.graphisme.pro\/Servaville\/avis-de-la-population-de-servaville-salmonville\/#primaryimage"},"thumbnailUrl":"https:\/\/web.graphisme.pro\/Servaville\/wp-content\/uploads\/2024\/03\/Servaville-Salmonville-_-zonage-eolien-1024x724.png","datePublished":"2024-03-11T19:09:00+00:00","dateModified":"2024-03-19T07:53:55+00:00","breadcrumb":{"@id":"https:\/\/web.graphisme.pro\/Servaville\/avis-de-la-population-de-servaville-salmonville\/#breadcrumb"},"inLanguage":"fr-FR","potentialAction":[{"@type":"ReadAction","target":["https:\/\/web.graphisme.pro\/Servaville\/avis-de-la-population-de-servaville-salmonville\/"]}]},{"@type":"ImageObject","inLanguage":"fr-FR","@id":"https:\/\/web.graphisme.pro\/Servaville\/avis-de-la-population-de-servaville-salmonville\/#primaryimage","url":"https:\/\/web.graphisme.pro\/Servaville\/wp-content\/uploads\/2024\/03\/Servaville-Salmonville-_-zonage-eolien.png","contentUrl":"https:\/\/web.graphisme.pro\/Servaville\/wp-content\/uploads\/2024\/03\/Servaville-Salmonville-_-zonage-eolien.png","width":3507,"height":2480},{"@type":"BreadcrumbList","@id":"https:\/\/web.graphisme.pro\/Servaville\/avis-de-la-population-de-servaville-salmonville\/#breadcrumb","itemListElement":[{"@type":"ListItem","position":1,"name":"Accueil","item":"https:\/\/web.graphisme.pro\/Servaville\/"},{"@type":"ListItem","position":2,"name":"Avis de la population de Servaville-Salmonville"}]},{"@type":"WebSite","@id":"https:\/\/web.graphisme.pro\/Servaville\/#website","url":"https:\/\/web.graphisme.pro\/Servaville\/","name":"Mairie de Servaville-Salmonville","description":"Seine-Maritime Normandie","publisher":{"@id":"https:\/\/web.graphisme.pro\/Servaville\/#organization"},"potentialAction":[{"@type":"SearchAction","target":{"@type":"EntryPoint","urlTemplate":"https:\/\/web.graphisme.pro\/Servaville\/?s={search_term_string}"},"query-input":"required name=search_term_string"}],"inLanguage":"fr-FR"},{"@type":"Organization","@id":"https:\/\/web.graphisme.pro\/Servaville\/#organization","name":"Mairie de Servaville-Salmonville","url":"https:\/\/web.graphisme.pro\/Servaville\/","logo":{"@type":"ImageObject","inLanguage":"fr-FR","@id":"https:\/\/web.graphisme.pro\/Servaville\/#\/schema\/logo\/image\/","url":"https:\/\/web.graphisme.pro\/Servaville\/wp-content\/uploads\/2020\/08\/servaville_logo-e1598278648383.png","contentUrl":"https:\/\/web.graphisme.pro\/Servaville\/wp-content\/uploads\/2020\/08\/servaville_logo-e1598278648383.png","width":300,"height":236,"caption":"Mairie de Servaville-Salmonville"},"image":{"@id":"https:\/\/web.graphisme.pro\/Servaville\/#\/schema\/logo\/image\/"},"sameAs":["https:\/\/fr.wikipedia.org\/wiki\/Servaville-Salmonville"]},{"@type":"Person","@id":"https:\/\/web.graphisme.pro\/Servaville\/#\/schema\/person\/2444496edd3f3b3eecc9a217d6c16ac0","name":"Servaville-mairie","sameAs":["https:\/\/web.graphisme.pro\/Servaville"],"url":"https:\/\/web.graphisme.pro\/Servaville\/author\/servaville-mairie\/"}]}},"_links":{"self":[{"href":"https:\/\/web.graphisme.pro\/Servaville\/wp-json\/wp\/v2\/posts\/2942"}],"collection":[{"href":"https:\/\/web.graphisme.pro\/Servaville\/wp-json\/wp\/v2\/posts"}],"about":[{"href":"https:\/\/web.graphisme.pro\/Servaville\/wp-json\/wp\/v2\/types\/post"}],"author":[{"embeddable":true,"href":"https:\/\/web.graphisme.pro\/Servaville\/wp-json\/wp\/v2\/users\/1"}],"replies":[{"embeddable":true,"href":"https:\/\/web.graphisme.pro\/Servaville\/wp-json\/wp\/v2\/comments?post=2942"}],"version-history":[{"count":1,"href":"https:\/\/web.graphisme.pro\/Servaville\/wp-json\/wp\/v2\/posts\/2942\/revisions"}],"predecessor-version":[{"id":2947,"href":"https:\/\/web.graphisme.pro\/Servaville\/wp-json\/wp\/v2\/posts\/2942\/revisions\/2947"}],"wp:attachment":[{"href":"https:\/\/web.graphisme.pro\/Servaville\/wp-json\/wp\/v2\/media?parent=2942"}],"wp:term":[{"taxonomy":"category","embeddable":true,"href":"https:\/\/web.graphisme.pro\/Servaville\/wp-json\/wp\/v2\/categories?post=2942"},{"taxonomy":"post_tag","embeddable":true,"href":"https:\/\/web.graphisme.pro\/Servaville\/wp-json\/wp\/v2\/tags?post=2942"}],"curies":[{"name":"wp","href":"https:\/\/api.w.org\/{rel}","templated":true}]}}