{"id":2931,"date":"2023-12-11T08:38:00","date_gmt":"2023-12-11T07:38:00","guid":{"rendered":"https:\/\/web.graphisme.pro\/Servaville\/?p=2931"},"modified":"2024-03-19T08:41:58","modified_gmt":"2024-03-19T07:41:58","slug":"illmuniation-mairie-servaville-salmonville","status":"publish","type":"post","link":"https:\/\/web.graphisme.pro\/Servaville\/illmuniation-mairie-servaville-salmonville\/","title":{"rendered":"Illumination de la mairie"},"content":{"rendered":"\n<p>Dimanche 10 d\u00e9cembre \u00e0 18 heures, les \u00e9lus et le conseil municipal des jeunes avaient invit\u00e9 les habitants \u00e0 assister \u00e0 l\u2019illumination de la mairie et \u00e0 d\u00e9couvrir les d\u00e9corations ext\u00e9rieures r\u00e9alis\u00e9es par des b\u00e9n\u00e9voles de la commune.<br>C\u2019est Julien GL\u00dcCK, maire adjoint, qui a prononc\u00e9 quelques mots pour remercier tous les b\u00e9n\u00e9voles qui ont particip\u00e9 \u00e0 ce projet ainsi que la centaine de personnes environ venue assister \u00e0 cet \u00e9v\u00e8nement, \u00a0avant de confier aux enfants du CMJ le soin de lancer le compte \u00e0 rebours de la mise en lumi\u00e8re.<br>La c\u00e9r\u00e9monie s\u2019est achev\u00e9e par le partage d\u2019un verre de vin chaud ou de chocolat chaud servi sous le pr\u00e9au de l\u2019\u00e9cole.<br>La mairie sera illumin\u00e9e tous les soirs de 18h \u00e0 21 heures, jusqu\u2019\u00e0 la fin de l\u2019ann\u00e9e.<\/p>\n\n\n\n<figure class=\"wp-block-image size-large is-resized\"><img loading=\"lazy\" decoding=\"async\" width=\"1024\" height=\"517\" src=\"https:\/\/web.graphisme.pro\/Servaville\/wp-content\/uploads\/2024\/03\/illumination-mairie-Servaville-Salmonville-1024x517.jpg\" alt=\"\" class=\"wp-image-2933\" style=\"width:1198px;height:auto\" srcset=\"https:\/\/web.graphisme.pro\/Servaville\/wp-content\/uploads\/2024\/03\/illumination-mairie-Servaville-Salmonville-1024x517.jpg 1024w, https:\/\/web.graphisme.pro\/Servaville\/wp-content\/uploads\/2024\/03\/illumination-mairie-Servaville-Salmonville-300x152.jpg 300w, https:\/\/web.graphisme.pro\/Servaville\/wp-content\/uploads\/2024\/03\/illumination-mairie-Servaville-Salmonville-768x388.jpg 768w, https:\/\/web.graphisme.pro\/Servaville\/wp-content\/uploads\/2024\/03\/illumination-mairie-Servaville-Salmonville-1536x776.jpg 1536w, https:\/\/web.graphisme.pro\/Servaville\/wp-content\/uploads\/2024\/03\/illumination-mairie-Servaville-Salmonville-2048x1034.jpg 2048w\" sizes=\"(max-width: 1024px) 100vw, 1024px\" \/><\/figure>\n\n\n\n<figure class=\"wp-block-video\"><video controls src=\"https:\/\/web.graphisme.pro\/Servaville\/wp-content\/uploads\/2024\/03\/illumination-mairie-Servaville-Salmonville.mp4\"><\/video><\/figure>\n","protected":false},"excerpt":{"rendered":"<p>Dimanche 10 d\u00e9cembre \u00e0 18 heures, les \u00e9lus et le conseil municipal des jeunes avaient invit\u00e9 les habitants \u00e0 assister \u00e0 l\u2019illumination de la mairie et \u00e0 d\u00e9couvrir les d\u00e9corations [&hellip;]<\/p>\n","protected":false},"author":1,"featured_media":2932,"comment_status":"closed","ping_status":"closed","sticky":false,"template":"","format":"standard","meta":{"_EventAllDay":false,"_EventTimezone":"","_EventStartDate":"","_EventEndDate":"","_EventStartDateUTC":"","_EventEndDateUTC":"","_EventShowMap":false,"_EventShowMapLink":false,"_EventURL":"","_EventCost":"","_EventCostDescription":"","_EventCurrencySymbol":"","_EventCurrencyCode":"","_EventCurrencyPosition":"","_EventDateTimeSeparator":"","_EventTimeRangeSeparator":"","_EventOrganizerID":[],"_EventVenueID":[],"_OrganizerEmail":"","_OrganizerPhone":"","_OrganizerWebsite":"","_VenueAddress":"","_VenueCity":"","_VenueCountry":"","_VenueProvince":"","_VenueState":"","_VenueZip":"","_VenuePhone":"","_VenueURL":"","_VenueStateProvince":"","_VenueLat":"","_VenueLng":"","_VenueShowMap":false,"_VenueShowMapLink":false,"footnotes":""},"categories":[1],"tags":[],"yoast_head":"<!-- This site is optimized with the Yoast SEO plugin v22.6 - https:\/\/yoast.com\/wordpress\/plugins\/seo\/ -->\n<title>Illumination de la mairie - Mairie de Servaville-Salmonville<\/title>\n<meta name=\"description\" content=\"La mairie de Servaville-Salmonville rev\u00eat sa parure de f\u00eates pour d\u00e9corer la commune de lumi\u00e8res.\" \/>\n<meta name=\"robots\" content=\"index, follow, max-snippet:-1, max-image-preview:large, max-video-preview:-1\" \/>\n<link rel=\"canonical\" href=\"https:\/\/web.graphisme.pro\/Servaville\/illmuniation-mairie-servaville-salmonville\/\" \/>\n<meta property=\"og:locale\" content=\"fr_FR\" \/>\n<meta property=\"og:type\" content=\"article\" \/>\n<meta property=\"og:title\" content=\"Illumination de la mairie - Mairie de Servaville-Salmonville\" \/>\n<meta property=\"og:description\" content=\"La mairie de Servaville-Salmonville rev\u00eat sa parure de f\u00eates pour d\u00e9corer la commune de lumi\u00e8res.\" \/>\n<meta property=\"og:url\" content=\"https:\/\/web.graphisme.pro\/Servaville\/illmuniation-mairie-servaville-salmonville\/\" \/>\n<meta property=\"og:site_name\" content=\"Mairie de Servaville-Salmonville\" \/>\n<meta property=\"article:published_time\" content=\"2023-12-11T07:38:00+00:00\" \/>\n<meta property=\"article:modified_time\" content=\"2024-03-19T07:41:58+00:00\" \/>\n<meta property=\"og:image\" content=\"https:\/\/web.graphisme.pro\/Servaville\/wp-content\/uploads\/2024\/03\/illumination-mairie-Servaville-Salmonville-2024.jpg\" \/>\n\t<meta property=\"og:image:width\" content=\"2560\" \/>\n\t<meta property=\"og:image:height\" content=\"1440\" \/>\n\t<meta property=\"og:image:type\" content=\"image\/jpeg\" \/>\n<meta name=\"author\" content=\"Servaville-mairie\" \/>\n<meta name=\"twitter:card\" content=\"summary_large_image\" \/>\n<meta name=\"twitter:label1\" content=\"\u00c9crit par\" \/>\n\t<meta name=\"twitter:data1\" content=\"Servaville-mairie\" \/>\n\t<meta name=\"twitter:label2\" content=\"Dur\u00e9e de lecture estim\u00e9e\" \/>\n\t<meta name=\"twitter:data2\" content=\"2 minutes\" \/>\n<script type=\"application\/ld+json\" class=\"yoast-schema-graph\">{\"@context\":\"https:\/\/schema.org\",\"@graph\":[{\"@type\":\"Article\",\"@id\":\"https:\/\/web.graphisme.pro\/Servaville\/illmuniation-mairie-servaville-salmonville\/#article\",\"isPartOf\":{\"@id\":\"https:\/\/web.graphisme.pro\/Servaville\/illmuniation-mairie-servaville-salmonville\/\"},\"author\":{\"name\":\"Servaville-mairie\",\"@id\":\"https:\/\/web.graphisme.pro\/Servaville\/#\/schema\/person\/2444496edd3f3b3eecc9a217d6c16ac0\"},\"headline\":\"Illumination de la mairie\",\"datePublished\":\"2023-12-11T07:38:00+00:00\",\"dateModified\":\"2024-03-19T07:41:58+00:00\",\"mainEntityOfPage\":{\"@id\":\"https:\/\/web.graphisme.pro\/Servaville\/illmuniation-mairie-servaville-salmonville\/\"},\"wordCount\":148,\"publisher\":{\"@id\":\"https:\/\/web.graphisme.pro\/Servaville\/#organization\"},\"image\":{\"@id\":\"https:\/\/web.graphisme.pro\/Servaville\/illmuniation-mairie-servaville-salmonville\/#primaryimage\"},\"thumbnailUrl\":\"https:\/\/web.graphisme.pro\/Servaville\/wp-content\/uploads\/2024\/03\/illumination-mairie-Servaville-Salmonville-2024.jpg\",\"articleSection\":[\"Actualit\u00e9s\"],\"inLanguage\":\"fr-FR\"},{\"@type\":\"WebPage\",\"@id\":\"https:\/\/web.graphisme.pro\/Servaville\/illmuniation-mairie-servaville-salmonville\/\",\"url\":\"https:\/\/web.graphisme.pro\/Servaville\/illmuniation-mairie-servaville-salmonville\/\",\"name\":\"Illumination de la mairie - Mairie de Servaville-Salmonville\",\"isPartOf\":{\"@id\":\"https:\/\/web.graphisme.pro\/Servaville\/#website\"},\"primaryImageOfPage\":{\"@id\":\"https:\/\/web.graphisme.pro\/Servaville\/illmuniation-mairie-servaville-salmonville\/#primaryimage\"},\"image\":{\"@id\":\"https:\/\/web.graphisme.pro\/Servaville\/illmuniation-mairie-servaville-salmonville\/#primaryimage\"},\"thumbnailUrl\":\"https:\/\/web.graphisme.pro\/Servaville\/wp-content\/uploads\/2024\/03\/illumination-mairie-Servaville-Salmonville-2024.jpg\",\"datePublished\":\"2023-12-11T07:38:00+00:00\",\"dateModified\":\"2024-03-19T07:41:58+00:00\",\"description\":\"La mairie de Servaville-Salmonville rev\u00eat sa parure de f\u00eates pour d\u00e9corer la commune de lumi\u00e8res.\",\"breadcrumb\":{\"@id\":\"https:\/\/web.graphisme.pro\/Servaville\/illmuniation-mairie-servaville-salmonville\/#breadcrumb\"},\"inLanguage\":\"fr-FR\",\"potentialAction\":[{\"@type\":\"ReadAction\",\"target\":[\"https:\/\/web.graphisme.pro\/Servaville\/illmuniation-mairie-servaville-salmonville\/\"]}]},{\"@type\":\"ImageObject\",\"inLanguage\":\"fr-FR\",\"@id\":\"https:\/\/web.graphisme.pro\/Servaville\/illmuniation-mairie-servaville-salmonville\/#primaryimage\",\"url\":\"https:\/\/web.graphisme.pro\/Servaville\/wp-content\/uploads\/2024\/03\/illumination-mairie-Servaville-Salmonville-2024.jpg\",\"contentUrl\":\"https:\/\/web.graphisme.pro\/Servaville\/wp-content\/uploads\/2024\/03\/illumination-mairie-Servaville-Salmonville-2024.jpg\",\"width\":2560,\"height\":1440,\"caption\":\"illumination mairie Servaville-Salmonville 2024\"},{\"@type\":\"BreadcrumbList\",\"@id\":\"https:\/\/web.graphisme.pro\/Servaville\/illmuniation-mairie-servaville-salmonville\/#breadcrumb\",\"itemListElement\":[{\"@type\":\"ListItem\",\"position\":1,\"name\":\"Accueil\",\"item\":\"https:\/\/web.graphisme.pro\/Servaville\/\"},{\"@type\":\"ListItem\",\"position\":2,\"name\":\"Illumination de la mairie\"}]},{\"@type\":\"WebSite\",\"@id\":\"https:\/\/web.graphisme.pro\/Servaville\/#website\",\"url\":\"https:\/\/web.graphisme.pro\/Servaville\/\",\"name\":\"Mairie de Servaville-Salmonville\",\"description\":\"Seine-Maritime Normandie\",\"publisher\":{\"@id\":\"https:\/\/web.graphisme.pro\/Servaville\/#organization\"},\"potentialAction\":[{\"@type\":\"SearchAction\",\"target\":{\"@type\":\"EntryPoint\",\"urlTemplate\":\"https:\/\/web.graphisme.pro\/Servaville\/?s={search_term_string}\"},\"query-input\":\"required name=search_term_string\"}],\"inLanguage\":\"fr-FR\"},{\"@type\":\"Organization\",\"@id\":\"https:\/\/web.graphisme.pro\/Servaville\/#organization\",\"name\":\"Mairie de Servaville-Salmonville\",\"url\":\"https:\/\/web.graphisme.pro\/Servaville\/\",\"logo\":{\"@type\":\"ImageObject\",\"inLanguage\":\"fr-FR\",\"@id\":\"https:\/\/web.graphisme.pro\/Servaville\/#\/schema\/logo\/image\/\",\"url\":\"https:\/\/web.graphisme.pro\/Servaville\/wp-content\/uploads\/2020\/08\/servaville_logo-e1598278648383.png\",\"contentUrl\":\"https:\/\/web.graphisme.pro\/Servaville\/wp-content\/uploads\/2020\/08\/servaville_logo-e1598278648383.png\",\"width\":300,\"height\":236,\"caption\":\"Mairie de Servaville-Salmonville\"},\"image\":{\"@id\":\"https:\/\/web.graphisme.pro\/Servaville\/#\/schema\/logo\/image\/\"},\"sameAs\":[\"https:\/\/fr.wikipedia.org\/wiki\/Servaville-Salmonville\"]},{\"@type\":\"Person\",\"@id\":\"https:\/\/web.graphisme.pro\/Servaville\/#\/schema\/person\/2444496edd3f3b3eecc9a217d6c16ac0\",\"name\":\"Servaville-mairie\",\"sameAs\":[\"https:\/\/web.graphisme.pro\/Servaville\"],\"url\":\"https:\/\/web.graphisme.pro\/Servaville\/author\/servaville-mairie\/\"}]}<\/script>\n<!-- \/ Yoast SEO plugin. -->","yoast_head_json":{"title":"Illumination de la mairie - Mairie de Servaville-Salmonville","description":"La mairie de Servaville-Salmonville rev\u00eat sa parure de f\u00eates pour d\u00e9corer la commune de lumi\u00e8res.","robots":{"index":"index","follow":"follow","max-snippet":"max-snippet:-1","max-image-preview":"max-image-preview:large","max-video-preview":"max-video-preview:-1"},"canonical":"https:\/\/web.graphisme.pro\/Servaville\/illmuniation-mairie-servaville-salmonville\/","og_locale":"fr_FR","og_type":"article","og_title":"Illumination de la mairie - Mairie de Servaville-Salmonville","og_description":"La mairie de Servaville-Salmonville rev\u00eat sa parure de f\u00eates pour d\u00e9corer la commune de lumi\u00e8res.","og_url":"https:\/\/web.graphisme.pro\/Servaville\/illmuniation-mairie-servaville-salmonville\/","og_site_name":"Mairie de Servaville-Salmonville","article_published_time":"2023-12-11T07:38:00+00:00","article_modified_time":"2024-03-19T07:41:58+00:00","og_image":[{"width":2560,"height":1440,"url":"https:\/\/web.graphisme.pro\/Servaville\/wp-content\/uploads\/2024\/03\/illumination-mairie-Servaville-Salmonville-2024.jpg","type":"image\/jpeg"}],"author":"Servaville-mairie","twitter_card":"summary_large_image","twitter_misc":{"\u00c9crit par":"Servaville-mairie","Dur\u00e9e de lecture estim\u00e9e":"2 minutes"},"schema":{"@context":"https:\/\/schema.org","@graph":[{"@type":"Article","@id":"https:\/\/web.graphisme.pro\/Servaville\/illmuniation-mairie-servaville-salmonville\/#article","isPartOf":{"@id":"https:\/\/web.graphisme.pro\/Servaville\/illmuniation-mairie-servaville-salmonville\/"},"author":{"name":"Servaville-mairie","@id":"https:\/\/web.graphisme.pro\/Servaville\/#\/schema\/person\/2444496edd3f3b3eecc9a217d6c16ac0"},"headline":"Illumination de la mairie","datePublished":"2023-12-11T07:38:00+00:00","dateModified":"2024-03-19T07:41:58+00:00","mainEntityOfPage":{"@id":"https:\/\/web.graphisme.pro\/Servaville\/illmuniation-mairie-servaville-salmonville\/"},"wordCount":148,"publisher":{"@id":"https:\/\/web.graphisme.pro\/Servaville\/#organization"},"image":{"@id":"https:\/\/web.graphisme.pro\/Servaville\/illmuniation-mairie-servaville-salmonville\/#primaryimage"},"thumbnailUrl":"https:\/\/web.graphisme.pro\/Servaville\/wp-content\/uploads\/2024\/03\/illumination-mairie-Servaville-Salmonville-2024.jpg","articleSection":["Actualit\u00e9s"],"inLanguage":"fr-FR"},{"@type":"WebPage","@id":"https:\/\/web.graphisme.pro\/Servaville\/illmuniation-mairie-servaville-salmonville\/","url":"https:\/\/web.graphisme.pro\/Servaville\/illmuniation-mairie-servaville-salmonville\/","name":"Illumination de la mairie - Mairie de Servaville-Salmonville","isPartOf":{"@id":"https:\/\/web.graphisme.pro\/Servaville\/#website"},"primaryImageOfPage":{"@id":"https:\/\/web.graphisme.pro\/Servaville\/illmuniation-mairie-servaville-salmonville\/#primaryimage"},"image":{"@id":"https:\/\/web.graphisme.pro\/Servaville\/illmuniation-mairie-servaville-salmonville\/#primaryimage"},"thumbnailUrl":"https:\/\/web.graphisme.pro\/Servaville\/wp-content\/uploads\/2024\/03\/illumination-mairie-Servaville-Salmonville-2024.jpg","datePublished":"2023-12-11T07:38:00+00:00","dateModified":"2024-03-19T07:41:58+00:00","description":"La mairie de Servaville-Salmonville rev\u00eat sa parure de f\u00eates pour d\u00e9corer la commune de lumi\u00e8res.","breadcrumb":{"@id":"https:\/\/web.graphisme.pro\/Servaville\/illmuniation-mairie-servaville-salmonville\/#breadcrumb"},"inLanguage":"fr-FR","potentialAction":[{"@type":"ReadAction","target":["https:\/\/web.graphisme.pro\/Servaville\/illmuniation-mairie-servaville-salmonville\/"]}]},{"@type":"ImageObject","inLanguage":"fr-FR","@id":"https:\/\/web.graphisme.pro\/Servaville\/illmuniation-mairie-servaville-salmonville\/#primaryimage","url":"https:\/\/web.graphisme.pro\/Servaville\/wp-content\/uploads\/2024\/03\/illumination-mairie-Servaville-Salmonville-2024.jpg","contentUrl":"https:\/\/web.graphisme.pro\/Servaville\/wp-content\/uploads\/2024\/03\/illumination-mairie-Servaville-Salmonville-2024.jpg","width":2560,"height":1440,"caption":"illumination mairie Servaville-Salmonville 2024"},{"@type":"BreadcrumbList","@id":"https:\/\/web.graphisme.pro\/Servaville\/illmuniation-mairie-servaville-salmonville\/#breadcrumb","itemListElement":[{"@type":"ListItem","position":1,"name":"Accueil","item":"https:\/\/web.graphisme.pro\/Servaville\/"},{"@type":"ListItem","position":2,"name":"Illumination de la mairie"}]},{"@type":"WebSite","@id":"https:\/\/web.graphisme.pro\/Servaville\/#website","url":"https:\/\/web.graphisme.pro\/Servaville\/","name":"Mairie de Servaville-Salmonville","description":"Seine-Maritime Normandie","publisher":{"@id":"https:\/\/web.graphisme.pro\/Servaville\/#organization"},"potentialAction":[{"@type":"SearchAction","target":{"@type":"EntryPoint","urlTemplate":"https:\/\/web.graphisme.pro\/Servaville\/?s={search_term_string}"},"query-input":"required name=search_term_string"}],"inLanguage":"fr-FR"},{"@type":"Organization","@id":"https:\/\/web.graphisme.pro\/Servaville\/#organization","name":"Mairie de Servaville-Salmonville","url":"https:\/\/web.graphisme.pro\/Servaville\/","logo":{"@type":"ImageObject","inLanguage":"fr-FR","@id":"https:\/\/web.graphisme.pro\/Servaville\/#\/schema\/logo\/image\/","url":"https:\/\/web.graphisme.pro\/Servaville\/wp-content\/uploads\/2020\/08\/servaville_logo-e1598278648383.png","contentUrl":"https:\/\/web.graphisme.pro\/Servaville\/wp-content\/uploads\/2020\/08\/servaville_logo-e1598278648383.png","width":300,"height":236,"caption":"Mairie de Servaville-Salmonville"},"image":{"@id":"https:\/\/web.graphisme.pro\/Servaville\/#\/schema\/logo\/image\/"},"sameAs":["https:\/\/fr.wikipedia.org\/wiki\/Servaville-Salmonville"]},{"@type":"Person","@id":"https:\/\/web.graphisme.pro\/Servaville\/#\/schema\/person\/2444496edd3f3b3eecc9a217d6c16ac0","name":"Servaville-mairie","sameAs":["https:\/\/web.graphisme.pro\/Servaville"],"url":"https:\/\/web.graphisme.pro\/Servaville\/author\/servaville-mairie\/"}]}},"_links":{"self":[{"href":"https:\/\/web.graphisme.pro\/Servaville\/wp-json\/wp\/v2\/posts\/2931"}],"collection":[{"href":"https:\/\/web.graphisme.pro\/Servaville\/wp-json\/wp\/v2\/posts"}],"about":[{"href":"https:\/\/web.graphisme.pro\/Servaville\/wp-json\/wp\/v2\/types\/post"}],"author":[{"embeddable":true,"href":"https:\/\/web.graphisme.pro\/Servaville\/wp-json\/wp\/v2\/users\/1"}],"replies":[{"embeddable":true,"href":"https:\/\/web.graphisme.pro\/Servaville\/wp-json\/wp\/v2\/comments?post=2931"}],"version-history":[{"count":1,"href":"https:\/\/web.graphisme.pro\/Servaville\/wp-json\/wp\/v2\/posts\/2931\/revisions"}],"predecessor-version":[{"id":2935,"href":"https:\/\/web.graphisme.pro\/Servaville\/wp-json\/wp\/v2\/posts\/2931\/revisions\/2935"}],"wp:featuredmedia":[{"embeddable":true,"href":"https:\/\/web.graphisme.pro\/Servaville\/wp-json\/wp\/v2\/media\/2932"}],"wp:attachment":[{"href":"https:\/\/web.graphisme.pro\/Servaville\/wp-json\/wp\/v2\/media?parent=2931"}],"wp:term":[{"taxonomy":"category","embeddable":true,"href":"https:\/\/web.graphisme.pro\/Servaville\/wp-json\/wp\/v2\/categories?post=2931"},{"taxonomy":"post_tag","embeddable":true,"href":"https:\/\/web.graphisme.pro\/Servaville\/wp-json\/wp\/v2\/tags?post=2931"}],"curies":[{"name":"wp","href":"https:\/\/api.w.org\/{rel}","templated":true}]}}