{"id":2555,"date":"2023-07-15T11:04:00","date_gmt":"2023-07-15T09:04:00","guid":{"rendered":"https:\/\/web.graphisme.pro\/Servaville\/?p=2555"},"modified":"2023-09-21T12:22:47","modified_gmt":"2023-09-21T10:22:47","slug":"ceremonie-du-14-juillet","status":"publish","type":"post","link":"https:\/\/web.graphisme.pro\/Servaville\/ceremonie-du-14-juillet\/","title":{"rendered":"C\u00e9r\u00e9monie du 14 juillet"},"content":{"rendered":"\n<p>La c\u00e9r\u00e9monie de la f\u00eate nationale du 14 Juillet s\u2019est d\u00e9roul\u00e9e \u00e0 11h30 au monument aux morts.<br>Elle \u00e9tait pr\u00e9sid\u00e9e par Monsieur le maire, en pr\u00e9sence du maire adjoint, de plusieurs conseillers municipaux, du CMJ, des sapeurs-pompiers de Servaville-Salmonville, de la fanfare de Ry et des habitants de la commune.<br>Apr\u00e8s le d\u00e9p\u00f4t de gerbe, suivi d\u2019une &nbsp;minute de silence et de la traditionnelle allocution, Monsieur le maire a remerci\u00e9 l\u2019assembl\u00e9e et cl\u00f4tur\u00e9 la c\u00e9r\u00e9monie.<br>Le cort\u00e8ge, emmen\u00e9 par la fanfare et les sapeurs-pompiers, s\u2019est ensuite dirig\u00e9 vers la salle polyvalente o\u00f9 la municipalit\u00e9 a servi un vin d\u2019honneur.<\/p>\n","protected":false},"excerpt":{"rendered":"<p>La c\u00e9r\u00e9monie de la f\u00eate nationale du 14 Juillet s\u2019est d\u00e9roul\u00e9e \u00e0 11h30 au monument aux morts.Elle \u00e9tait pr\u00e9sid\u00e9e par Monsieur le maire, en pr\u00e9sence du maire adjoint, de plusieurs [&hellip;]<\/p>\n","protected":false},"author":1,"featured_media":2556,"comment_status":"closed","ping_status":"closed","sticky":false,"template":"","format":"standard","meta":{"_EventAllDay":false,"_EventTimezone":"","_EventStartDate":"","_EventEndDate":"","_EventStartDateUTC":"","_EventEndDateUTC":"","_EventShowMap":false,"_EventShowMapLink":false,"_EventURL":"","_EventCost":"","_EventCostDescription":"","_EventCurrencySymbol":"","_EventCurrencyCode":"","_EventCurrencyPosition":"","_EventDateTimeSeparator":"","_EventTimeRangeSeparator":"","_EventOrganizerID":[],"_EventVenueID":[],"_OrganizerEmail":"","_OrganizerPhone":"","_OrganizerWebsite":"","_VenueAddress":"","_VenueCity":"","_VenueCountry":"","_VenueProvince":"","_VenueState":"","_VenueZip":"","_VenuePhone":"","_VenueURL":"","_VenueStateProvince":"","_VenueLat":"","_VenueLng":"","_VenueShowMap":false,"_VenueShowMapLink":false,"footnotes":""},"categories":[1],"tags":[],"yoast_head":"<!-- This site is optimized with the Yoast SEO plugin v22.6 - https:\/\/yoast.com\/wordpress\/plugins\/seo\/ -->\n<title>C\u00e9r\u00e9monie du 14 juillet - Mairie de Servaville-Salmonville<\/title>\n<meta name=\"robots\" content=\"index, follow, max-snippet:-1, max-image-preview:large, max-video-preview:-1\" \/>\n<link rel=\"canonical\" href=\"https:\/\/web.graphisme.pro\/Servaville\/ceremonie-du-14-juillet\/\" \/>\n<meta property=\"og:locale\" content=\"fr_FR\" \/>\n<meta property=\"og:type\" content=\"article\" \/>\n<meta property=\"og:title\" content=\"C\u00e9r\u00e9monie du 14 juillet - Mairie de Servaville-Salmonville\" \/>\n<meta property=\"og:description\" content=\"La c\u00e9r\u00e9monie de la f\u00eate nationale du 14 Juillet s\u2019est d\u00e9roul\u00e9e \u00e0 11h30 au monument aux morts.Elle \u00e9tait pr\u00e9sid\u00e9e par Monsieur le maire, en pr\u00e9sence du maire adjoint, de plusieurs [&hellip;]\" \/>\n<meta property=\"og:url\" content=\"https:\/\/web.graphisme.pro\/Servaville\/ceremonie-du-14-juillet\/\" \/>\n<meta property=\"og:site_name\" content=\"Mairie de Servaville-Salmonville\" \/>\n<meta property=\"article:published_time\" content=\"2023-07-15T09:04:00+00:00\" \/>\n<meta property=\"article:modified_time\" content=\"2023-09-21T10:22:47+00:00\" \/>\n<meta property=\"og:image\" content=\"https:\/\/web.graphisme.pro\/Servaville\/wp-content\/uploads\/2023\/09\/ceremonie14jul2023_servaville-salmonville-scaled.jpeg\" \/>\n\t<meta property=\"og:image:width\" content=\"2560\" \/>\n\t<meta property=\"og:image:height\" content=\"1920\" \/>\n\t<meta property=\"og:image:type\" content=\"image\/jpeg\" \/>\n<meta name=\"author\" content=\"Servaville-mairie\" \/>\n<meta name=\"twitter:card\" content=\"summary_large_image\" \/>\n<meta name=\"twitter:label1\" content=\"\u00c9crit par\" \/>\n\t<meta name=\"twitter:data1\" content=\"Servaville-mairie\" \/>\n\t<meta name=\"twitter:label2\" content=\"Dur\u00e9e de lecture estim\u00e9e\" \/>\n\t<meta name=\"twitter:data2\" content=\"1 minute\" \/>\n<script type=\"application\/ld+json\" class=\"yoast-schema-graph\">{\"@context\":\"https:\/\/schema.org\",\"@graph\":[{\"@type\":\"Article\",\"@id\":\"https:\/\/web.graphisme.pro\/Servaville\/ceremonie-du-14-juillet\/#article\",\"isPartOf\":{\"@id\":\"https:\/\/web.graphisme.pro\/Servaville\/ceremonie-du-14-juillet\/\"},\"author\":{\"name\":\"Servaville-mairie\",\"@id\":\"https:\/\/web.graphisme.pro\/Servaville\/#\/schema\/person\/2444496edd3f3b3eecc9a217d6c16ac0\"},\"headline\":\"C\u00e9r\u00e9monie du 14 juillet\",\"datePublished\":\"2023-07-15T09:04:00+00:00\",\"dateModified\":\"2023-09-21T10:22:47+00:00\",\"mainEntityOfPage\":{\"@id\":\"https:\/\/web.graphisme.pro\/Servaville\/ceremonie-du-14-juillet\/\"},\"wordCount\":124,\"publisher\":{\"@id\":\"https:\/\/web.graphisme.pro\/Servaville\/#organization\"},\"image\":{\"@id\":\"https:\/\/web.graphisme.pro\/Servaville\/ceremonie-du-14-juillet\/#primaryimage\"},\"thumbnailUrl\":\"https:\/\/web.graphisme.pro\/Servaville\/wp-content\/uploads\/2023\/09\/ceremonie14jul2023_servaville-salmonville-scaled.jpeg\",\"articleSection\":[\"Actualit\u00e9s\"],\"inLanguage\":\"fr-FR\"},{\"@type\":\"WebPage\",\"@id\":\"https:\/\/web.graphisme.pro\/Servaville\/ceremonie-du-14-juillet\/\",\"url\":\"https:\/\/web.graphisme.pro\/Servaville\/ceremonie-du-14-juillet\/\",\"name\":\"C\u00e9r\u00e9monie du 14 juillet - Mairie de Servaville-Salmonville\",\"isPartOf\":{\"@id\":\"https:\/\/web.graphisme.pro\/Servaville\/#website\"},\"primaryImageOfPage\":{\"@id\":\"https:\/\/web.graphisme.pro\/Servaville\/ceremonie-du-14-juillet\/#primaryimage\"},\"image\":{\"@id\":\"https:\/\/web.graphisme.pro\/Servaville\/ceremonie-du-14-juillet\/#primaryimage\"},\"thumbnailUrl\":\"https:\/\/web.graphisme.pro\/Servaville\/wp-content\/uploads\/2023\/09\/ceremonie14jul2023_servaville-salmonville-scaled.jpeg\",\"datePublished\":\"2023-07-15T09:04:00+00:00\",\"dateModified\":\"2023-09-21T10:22:47+00:00\",\"breadcrumb\":{\"@id\":\"https:\/\/web.graphisme.pro\/Servaville\/ceremonie-du-14-juillet\/#breadcrumb\"},\"inLanguage\":\"fr-FR\",\"potentialAction\":[{\"@type\":\"ReadAction\",\"target\":[\"https:\/\/web.graphisme.pro\/Servaville\/ceremonie-du-14-juillet\/\"]}]},{\"@type\":\"ImageObject\",\"inLanguage\":\"fr-FR\",\"@id\":\"https:\/\/web.graphisme.pro\/Servaville\/ceremonie-du-14-juillet\/#primaryimage\",\"url\":\"https:\/\/web.graphisme.pro\/Servaville\/wp-content\/uploads\/2023\/09\/ceremonie14jul2023_servaville-salmonville-scaled.jpeg\",\"contentUrl\":\"https:\/\/web.graphisme.pro\/Servaville\/wp-content\/uploads\/2023\/09\/ceremonie14jul2023_servaville-salmonville-scaled.jpeg\",\"width\":2560,\"height\":1920,\"caption\":\"C\u00e9r\u00e9monie du 14 juillet 2023 \u00e0 Servaville-Salmonville\"},{\"@type\":\"BreadcrumbList\",\"@id\":\"https:\/\/web.graphisme.pro\/Servaville\/ceremonie-du-14-juillet\/#breadcrumb\",\"itemListElement\":[{\"@type\":\"ListItem\",\"position\":1,\"name\":\"Accueil\",\"item\":\"https:\/\/web.graphisme.pro\/Servaville\/\"},{\"@type\":\"ListItem\",\"position\":2,\"name\":\"C\u00e9r\u00e9monie du 14 juillet\"}]},{\"@type\":\"WebSite\",\"@id\":\"https:\/\/web.graphisme.pro\/Servaville\/#website\",\"url\":\"https:\/\/web.graphisme.pro\/Servaville\/\",\"name\":\"Mairie de Servaville-Salmonville\",\"description\":\"Seine-Maritime Normandie\",\"publisher\":{\"@id\":\"https:\/\/web.graphisme.pro\/Servaville\/#organization\"},\"potentialAction\":[{\"@type\":\"SearchAction\",\"target\":{\"@type\":\"EntryPoint\",\"urlTemplate\":\"https:\/\/web.graphisme.pro\/Servaville\/?s={search_term_string}\"},\"query-input\":\"required name=search_term_string\"}],\"inLanguage\":\"fr-FR\"},{\"@type\":\"Organization\",\"@id\":\"https:\/\/web.graphisme.pro\/Servaville\/#organization\",\"name\":\"Mairie de Servaville-Salmonville\",\"url\":\"https:\/\/web.graphisme.pro\/Servaville\/\",\"logo\":{\"@type\":\"ImageObject\",\"inLanguage\":\"fr-FR\",\"@id\":\"https:\/\/web.graphisme.pro\/Servaville\/#\/schema\/logo\/image\/\",\"url\":\"https:\/\/web.graphisme.pro\/Servaville\/wp-content\/uploads\/2020\/08\/servaville_logo-e1598278648383.png\",\"contentUrl\":\"https:\/\/web.graphisme.pro\/Servaville\/wp-content\/uploads\/2020\/08\/servaville_logo-e1598278648383.png\",\"width\":300,\"height\":236,\"caption\":\"Mairie de Servaville-Salmonville\"},\"image\":{\"@id\":\"https:\/\/web.graphisme.pro\/Servaville\/#\/schema\/logo\/image\/\"},\"sameAs\":[\"https:\/\/fr.wikipedia.org\/wiki\/Servaville-Salmonville\"]},{\"@type\":\"Person\",\"@id\":\"https:\/\/web.graphisme.pro\/Servaville\/#\/schema\/person\/2444496edd3f3b3eecc9a217d6c16ac0\",\"name\":\"Servaville-mairie\",\"sameAs\":[\"https:\/\/web.graphisme.pro\/Servaville\"],\"url\":\"https:\/\/web.graphisme.pro\/Servaville\/author\/servaville-mairie\/\"}]}<\/script>\n<!-- \/ Yoast SEO plugin. -->","yoast_head_json":{"title":"C\u00e9r\u00e9monie du 14 juillet - Mairie de Servaville-Salmonville","robots":{"index":"index","follow":"follow","max-snippet":"max-snippet:-1","max-image-preview":"max-image-preview:large","max-video-preview":"max-video-preview:-1"},"canonical":"https:\/\/web.graphisme.pro\/Servaville\/ceremonie-du-14-juillet\/","og_locale":"fr_FR","og_type":"article","og_title":"C\u00e9r\u00e9monie du 14 juillet - Mairie de Servaville-Salmonville","og_description":"La c\u00e9r\u00e9monie de la f\u00eate nationale du 14 Juillet s\u2019est d\u00e9roul\u00e9e \u00e0 11h30 au monument aux morts.Elle \u00e9tait pr\u00e9sid\u00e9e par Monsieur le maire, en pr\u00e9sence du maire adjoint, de plusieurs [&hellip;]","og_url":"https:\/\/web.graphisme.pro\/Servaville\/ceremonie-du-14-juillet\/","og_site_name":"Mairie de Servaville-Salmonville","article_published_time":"2023-07-15T09:04:00+00:00","article_modified_time":"2023-09-21T10:22:47+00:00","og_image":[{"width":2560,"height":1920,"url":"https:\/\/web.graphisme.pro\/Servaville\/wp-content\/uploads\/2023\/09\/ceremonie14jul2023_servaville-salmonville-scaled.jpeg","type":"image\/jpeg"}],"author":"Servaville-mairie","twitter_card":"summary_large_image","twitter_misc":{"\u00c9crit par":"Servaville-mairie","Dur\u00e9e de lecture estim\u00e9e":"1 minute"},"schema":{"@context":"https:\/\/schema.org","@graph":[{"@type":"Article","@id":"https:\/\/web.graphisme.pro\/Servaville\/ceremonie-du-14-juillet\/#article","isPartOf":{"@id":"https:\/\/web.graphisme.pro\/Servaville\/ceremonie-du-14-juillet\/"},"author":{"name":"Servaville-mairie","@id":"https:\/\/web.graphisme.pro\/Servaville\/#\/schema\/person\/2444496edd3f3b3eecc9a217d6c16ac0"},"headline":"C\u00e9r\u00e9monie du 14 juillet","datePublished":"2023-07-15T09:04:00+00:00","dateModified":"2023-09-21T10:22:47+00:00","mainEntityOfPage":{"@id":"https:\/\/web.graphisme.pro\/Servaville\/ceremonie-du-14-juillet\/"},"wordCount":124,"publisher":{"@id":"https:\/\/web.graphisme.pro\/Servaville\/#organization"},"image":{"@id":"https:\/\/web.graphisme.pro\/Servaville\/ceremonie-du-14-juillet\/#primaryimage"},"thumbnailUrl":"https:\/\/web.graphisme.pro\/Servaville\/wp-content\/uploads\/2023\/09\/ceremonie14jul2023_servaville-salmonville-scaled.jpeg","articleSection":["Actualit\u00e9s"],"inLanguage":"fr-FR"},{"@type":"WebPage","@id":"https:\/\/web.graphisme.pro\/Servaville\/ceremonie-du-14-juillet\/","url":"https:\/\/web.graphisme.pro\/Servaville\/ceremonie-du-14-juillet\/","name":"C\u00e9r\u00e9monie du 14 juillet - Mairie de Servaville-Salmonville","isPartOf":{"@id":"https:\/\/web.graphisme.pro\/Servaville\/#website"},"primaryImageOfPage":{"@id":"https:\/\/web.graphisme.pro\/Servaville\/ceremonie-du-14-juillet\/#primaryimage"},"image":{"@id":"https:\/\/web.graphisme.pro\/Servaville\/ceremonie-du-14-juillet\/#primaryimage"},"thumbnailUrl":"https:\/\/web.graphisme.pro\/Servaville\/wp-content\/uploads\/2023\/09\/ceremonie14jul2023_servaville-salmonville-scaled.jpeg","datePublished":"2023-07-15T09:04:00+00:00","dateModified":"2023-09-21T10:22:47+00:00","breadcrumb":{"@id":"https:\/\/web.graphisme.pro\/Servaville\/ceremonie-du-14-juillet\/#breadcrumb"},"inLanguage":"fr-FR","potentialAction":[{"@type":"ReadAction","target":["https:\/\/web.graphisme.pro\/Servaville\/ceremonie-du-14-juillet\/"]}]},{"@type":"ImageObject","inLanguage":"fr-FR","@id":"https:\/\/web.graphisme.pro\/Servaville\/ceremonie-du-14-juillet\/#primaryimage","url":"https:\/\/web.graphisme.pro\/Servaville\/wp-content\/uploads\/2023\/09\/ceremonie14jul2023_servaville-salmonville-scaled.jpeg","contentUrl":"https:\/\/web.graphisme.pro\/Servaville\/wp-content\/uploads\/2023\/09\/ceremonie14jul2023_servaville-salmonville-scaled.jpeg","width":2560,"height":1920,"caption":"C\u00e9r\u00e9monie du 14 juillet 2023 \u00e0 Servaville-Salmonville"},{"@type":"BreadcrumbList","@id":"https:\/\/web.graphisme.pro\/Servaville\/ceremonie-du-14-juillet\/#breadcrumb","itemListElement":[{"@type":"ListItem","position":1,"name":"Accueil","item":"https:\/\/web.graphisme.pro\/Servaville\/"},{"@type":"ListItem","position":2,"name":"C\u00e9r\u00e9monie du 14 juillet"}]},{"@type":"WebSite","@id":"https:\/\/web.graphisme.pro\/Servaville\/#website","url":"https:\/\/web.graphisme.pro\/Servaville\/","name":"Mairie de Servaville-Salmonville","description":"Seine-Maritime Normandie","publisher":{"@id":"https:\/\/web.graphisme.pro\/Servaville\/#organization"},"potentialAction":[{"@type":"SearchAction","target":{"@type":"EntryPoint","urlTemplate":"https:\/\/web.graphisme.pro\/Servaville\/?s={search_term_string}"},"query-input":"required name=search_term_string"}],"inLanguage":"fr-FR"},{"@type":"Organization","@id":"https:\/\/web.graphisme.pro\/Servaville\/#organization","name":"Mairie de Servaville-Salmonville","url":"https:\/\/web.graphisme.pro\/Servaville\/","logo":{"@type":"ImageObject","inLanguage":"fr-FR","@id":"https:\/\/web.graphisme.pro\/Servaville\/#\/schema\/logo\/image\/","url":"https:\/\/web.graphisme.pro\/Servaville\/wp-content\/uploads\/2020\/08\/servaville_logo-e1598278648383.png","contentUrl":"https:\/\/web.graphisme.pro\/Servaville\/wp-content\/uploads\/2020\/08\/servaville_logo-e1598278648383.png","width":300,"height":236,"caption":"Mairie de Servaville-Salmonville"},"image":{"@id":"https:\/\/web.graphisme.pro\/Servaville\/#\/schema\/logo\/image\/"},"sameAs":["https:\/\/fr.wikipedia.org\/wiki\/Servaville-Salmonville"]},{"@type":"Person","@id":"https:\/\/web.graphisme.pro\/Servaville\/#\/schema\/person\/2444496edd3f3b3eecc9a217d6c16ac0","name":"Servaville-mairie","sameAs":["https:\/\/web.graphisme.pro\/Servaville"],"url":"https:\/\/web.graphisme.pro\/Servaville\/author\/servaville-mairie\/"}]}},"_links":{"self":[{"href":"https:\/\/web.graphisme.pro\/Servaville\/wp-json\/wp\/v2\/posts\/2555"}],"collection":[{"href":"https:\/\/web.graphisme.pro\/Servaville\/wp-json\/wp\/v2\/posts"}],"about":[{"href":"https:\/\/web.graphisme.pro\/Servaville\/wp-json\/wp\/v2\/types\/post"}],"author":[{"embeddable":true,"href":"https:\/\/web.graphisme.pro\/Servaville\/wp-json\/wp\/v2\/users\/1"}],"replies":[{"embeddable":true,"href":"https:\/\/web.graphisme.pro\/Servaville\/wp-json\/wp\/v2\/comments?post=2555"}],"version-history":[{"count":3,"href":"https:\/\/web.graphisme.pro\/Servaville\/wp-json\/wp\/v2\/posts\/2555\/revisions"}],"predecessor-version":[{"id":2667,"href":"https:\/\/web.graphisme.pro\/Servaville\/wp-json\/wp\/v2\/posts\/2555\/revisions\/2667"}],"wp:featuredmedia":[{"embeddable":true,"href":"https:\/\/web.graphisme.pro\/Servaville\/wp-json\/wp\/v2\/media\/2556"}],"wp:attachment":[{"href":"https:\/\/web.graphisme.pro\/Servaville\/wp-json\/wp\/v2\/media?parent=2555"}],"wp:term":[{"taxonomy":"category","embeddable":true,"href":"https:\/\/web.graphisme.pro\/Servaville\/wp-json\/wp\/v2\/categories?post=2555"},{"taxonomy":"post_tag","embeddable":true,"href":"https:\/\/web.graphisme.pro\/Servaville\/wp-json\/wp\/v2\/tags?post=2555"}],"curies":[{"name":"wp","href":"https:\/\/api.w.org\/{rel}","templated":true}]}}