{"id":2156,"date":"2023-04-03T17:56:09","date_gmt":"2023-04-03T15:56:09","guid":{"rendered":"https:\/\/web.graphisme.pro\/Servaville\/?p=2156"},"modified":"2023-06-26T16:52:14","modified_gmt":"2023-06-26T14:52:14","slug":"chasse-aux-oeufs","status":"publish","type":"post","link":"https:\/\/web.graphisme.pro\/Servaville\/chasse-aux-oeufs\/","title":{"rendered":"Chasse aux \u0153ufs"},"content":{"rendered":"\n<p><strong><\/strong>Comme tous les ans,&nbsp; le Conseil Municipal des Jeunes organise sa chasse \u00e0 l\u2019\u0153uf, destin\u00e9e aux enfants de Servaville-Salmonville, le <strong>&nbsp;Dimanche 9 avril \u00e0 partir de 10h30<\/strong> sur les terrains situ\u00e9s entre la salle des f\u00eates et l\u2019espace Joann\u00e8s DUGELAY.<br>Cette chasse est ouverte aux enfants de 2 \u00e0 12 ans et une <b>participation financi\u00e8re de 1 \u20ac <\/b>est demand\u00e9e \u00e0 l\u2019inscription. Le <a href=\"https:\/\/web.graphisme.pro\/Servaville\/wp-content\/uploads\/2023\/04\/Bulletin-dinscription.jpg\" target=\"_blank\" rel=\"noopener\">bulletin d&rsquo;inscription<\/a>,&nbsp; est \u00e0 remplir et \u00e0 d\u00e9poser (<strong>avec votre participation<\/strong>) en mairie aux heures de permanence.<\/p>\n","protected":false},"excerpt":{"rendered":"<p>Comme tous les ans,&nbsp; le Conseil Municipal des Jeunes organise sa chasse \u00e0 l\u2019\u0153uf, destin\u00e9e aux enfants de Servaville-Salmonville, le &nbsp;Dimanche 9 avril \u00e0 partir de 10h30 sur les terrains [&hellip;]<\/p>\n","protected":false},"author":3,"featured_media":2159,"comment_status":"closed","ping_status":"closed","sticky":false,"template":"","format":"standard","meta":{"_EventAllDay":false,"_EventTimezone":"","_EventStartDate":"","_EventEndDate":"","_EventStartDateUTC":"","_EventEndDateUTC":"","_EventShowMap":false,"_EventShowMapLink":false,"_EventURL":"","_EventCost":"","_EventCostDescription":"","_EventCurrencySymbol":"","_EventCurrencyCode":"","_EventCurrencyPosition":"","_EventDateTimeSeparator":"","_EventTimeRangeSeparator":"","_EventOrganizerID":[],"_EventVenueID":[],"_OrganizerEmail":"","_OrganizerPhone":"","_OrganizerWebsite":"","_VenueAddress":"","_VenueCity":"","_VenueCountry":"","_VenueProvince":"","_VenueState":"","_VenueZip":"","_VenuePhone":"","_VenueURL":"","_VenueStateProvince":"","_VenueLat":"","_VenueLng":"","_VenueShowMap":false,"_VenueShowMapLink":false,"footnotes":""},"categories":[1],"tags":[],"yoast_head":"<!-- This site is optimized with the Yoast SEO plugin v22.6 - https:\/\/yoast.com\/wordpress\/plugins\/seo\/ -->\n<title>Chasse aux \u0153ufs - Mairie de Servaville-Salmonville<\/title>\n<meta name=\"robots\" content=\"index, follow, max-snippet:-1, max-image-preview:large, max-video-preview:-1\" \/>\n<link rel=\"canonical\" href=\"https:\/\/web.graphisme.pro\/Servaville\/chasse-aux-oeufs\/\" \/>\n<meta property=\"og:locale\" content=\"fr_FR\" \/>\n<meta property=\"og:type\" content=\"article\" \/>\n<meta property=\"og:title\" content=\"Chasse aux \u0153ufs - Mairie de Servaville-Salmonville\" \/>\n<meta property=\"og:description\" content=\"Comme tous les ans,&nbsp; le Conseil Municipal des Jeunes organise sa chasse \u00e0 l\u2019\u0153uf, destin\u00e9e aux enfants de Servaville-Salmonville, le &nbsp;Dimanche 9 avril \u00e0 partir de 10h30 sur les terrains [&hellip;]\" \/>\n<meta property=\"og:url\" content=\"https:\/\/web.graphisme.pro\/Servaville\/chasse-aux-oeufs\/\" \/>\n<meta property=\"og:site_name\" content=\"Mairie de Servaville-Salmonville\" \/>\n<meta property=\"article:published_time\" content=\"2023-04-03T15:56:09+00:00\" \/>\n<meta property=\"article:modified_time\" content=\"2023-06-26T14:52:14+00:00\" \/>\n<meta property=\"og:image\" content=\"https:\/\/web.graphisme.pro\/Servaville\/wp-content\/uploads\/2023\/04\/chasse-aux-oeufs.png\" \/>\n\t<meta property=\"og:image:width\" content=\"432\" \/>\n\t<meta property=\"og:image:height\" content=\"192\" \/>\n\t<meta property=\"og:image:type\" content=\"image\/png\" \/>\n<meta name=\"author\" content=\"Philippe Lemaitre\" \/>\n<meta name=\"twitter:card\" content=\"summary_large_image\" \/>\n<meta name=\"twitter:label1\" content=\"\u00c9crit par\" \/>\n\t<meta name=\"twitter:data1\" content=\"Philippe Lemaitre\" \/>\n\t<meta name=\"twitter:label2\" content=\"Dur\u00e9e de lecture estim\u00e9e\" \/>\n\t<meta name=\"twitter:data2\" content=\"1 minute\" \/>\n<script type=\"application\/ld+json\" class=\"yoast-schema-graph\">{\"@context\":\"https:\/\/schema.org\",\"@graph\":[{\"@type\":\"Article\",\"@id\":\"https:\/\/web.graphisme.pro\/Servaville\/chasse-aux-oeufs\/#article\",\"isPartOf\":{\"@id\":\"https:\/\/web.graphisme.pro\/Servaville\/chasse-aux-oeufs\/\"},\"author\":{\"name\":\"Philippe Lemaitre\",\"@id\":\"https:\/\/web.graphisme.pro\/Servaville\/#\/schema\/person\/2b4b2c756e32a8c40393d8da15ca2211\"},\"headline\":\"Chasse aux \u0153ufs\",\"datePublished\":\"2023-04-03T15:56:09+00:00\",\"dateModified\":\"2023-06-26T14:52:14+00:00\",\"mainEntityOfPage\":{\"@id\":\"https:\/\/web.graphisme.pro\/Servaville\/chasse-aux-oeufs\/\"},\"wordCount\":86,\"publisher\":{\"@id\":\"https:\/\/web.graphisme.pro\/Servaville\/#organization\"},\"image\":{\"@id\":\"https:\/\/web.graphisme.pro\/Servaville\/chasse-aux-oeufs\/#primaryimage\"},\"thumbnailUrl\":\"https:\/\/web.graphisme.pro\/Servaville\/wp-content\/uploads\/2023\/04\/chasse-aux-oeufs.png\",\"articleSection\":[\"Actualit\u00e9s\"],\"inLanguage\":\"fr-FR\"},{\"@type\":\"WebPage\",\"@id\":\"https:\/\/web.graphisme.pro\/Servaville\/chasse-aux-oeufs\/\",\"url\":\"https:\/\/web.graphisme.pro\/Servaville\/chasse-aux-oeufs\/\",\"name\":\"Chasse aux \u0153ufs - Mairie de Servaville-Salmonville\",\"isPartOf\":{\"@id\":\"https:\/\/web.graphisme.pro\/Servaville\/#website\"},\"primaryImageOfPage\":{\"@id\":\"https:\/\/web.graphisme.pro\/Servaville\/chasse-aux-oeufs\/#primaryimage\"},\"image\":{\"@id\":\"https:\/\/web.graphisme.pro\/Servaville\/chasse-aux-oeufs\/#primaryimage\"},\"thumbnailUrl\":\"https:\/\/web.graphisme.pro\/Servaville\/wp-content\/uploads\/2023\/04\/chasse-aux-oeufs.png\",\"datePublished\":\"2023-04-03T15:56:09+00:00\",\"dateModified\":\"2023-06-26T14:52:14+00:00\",\"breadcrumb\":{\"@id\":\"https:\/\/web.graphisme.pro\/Servaville\/chasse-aux-oeufs\/#breadcrumb\"},\"inLanguage\":\"fr-FR\",\"potentialAction\":[{\"@type\":\"ReadAction\",\"target\":[\"https:\/\/web.graphisme.pro\/Servaville\/chasse-aux-oeufs\/\"]}]},{\"@type\":\"ImageObject\",\"inLanguage\":\"fr-FR\",\"@id\":\"https:\/\/web.graphisme.pro\/Servaville\/chasse-aux-oeufs\/#primaryimage\",\"url\":\"https:\/\/web.graphisme.pro\/Servaville\/wp-content\/uploads\/2023\/04\/chasse-aux-oeufs.png\",\"contentUrl\":\"https:\/\/web.graphisme.pro\/Servaville\/wp-content\/uploads\/2023\/04\/chasse-aux-oeufs.png\",\"width\":432,\"height\":192},{\"@type\":\"BreadcrumbList\",\"@id\":\"https:\/\/web.graphisme.pro\/Servaville\/chasse-aux-oeufs\/#breadcrumb\",\"itemListElement\":[{\"@type\":\"ListItem\",\"position\":1,\"name\":\"Accueil\",\"item\":\"https:\/\/web.graphisme.pro\/Servaville\/\"},{\"@type\":\"ListItem\",\"position\":2,\"name\":\"Chasse aux \u0153ufs\"}]},{\"@type\":\"WebSite\",\"@id\":\"https:\/\/web.graphisme.pro\/Servaville\/#website\",\"url\":\"https:\/\/web.graphisme.pro\/Servaville\/\",\"name\":\"Mairie de Servaville-Salmonville\",\"description\":\"Seine-Maritime Normandie\",\"publisher\":{\"@id\":\"https:\/\/web.graphisme.pro\/Servaville\/#organization\"},\"potentialAction\":[{\"@type\":\"SearchAction\",\"target\":{\"@type\":\"EntryPoint\",\"urlTemplate\":\"https:\/\/web.graphisme.pro\/Servaville\/?s={search_term_string}\"},\"query-input\":\"required name=search_term_string\"}],\"inLanguage\":\"fr-FR\"},{\"@type\":\"Organization\",\"@id\":\"https:\/\/web.graphisme.pro\/Servaville\/#organization\",\"name\":\"Mairie de Servaville-Salmonville\",\"url\":\"https:\/\/web.graphisme.pro\/Servaville\/\",\"logo\":{\"@type\":\"ImageObject\",\"inLanguage\":\"fr-FR\",\"@id\":\"https:\/\/web.graphisme.pro\/Servaville\/#\/schema\/logo\/image\/\",\"url\":\"https:\/\/web.graphisme.pro\/Servaville\/wp-content\/uploads\/2020\/08\/servaville_logo-e1598278648383.png\",\"contentUrl\":\"https:\/\/web.graphisme.pro\/Servaville\/wp-content\/uploads\/2020\/08\/servaville_logo-e1598278648383.png\",\"width\":300,\"height\":236,\"caption\":\"Mairie de Servaville-Salmonville\"},\"image\":{\"@id\":\"https:\/\/web.graphisme.pro\/Servaville\/#\/schema\/logo\/image\/\"},\"sameAs\":[\"https:\/\/fr.wikipedia.org\/wiki\/Servaville-Salmonville\"]},{\"@type\":\"Person\",\"@id\":\"https:\/\/web.graphisme.pro\/Servaville\/#\/schema\/person\/2b4b2c756e32a8c40393d8da15ca2211\",\"name\":\"Philippe Lemaitre\",\"url\":\"https:\/\/web.graphisme.pro\/Servaville\/author\/ph-lemaitre\/\"}]}<\/script>\n<!-- \/ Yoast SEO plugin. -->","yoast_head_json":{"title":"Chasse aux \u0153ufs - Mairie de Servaville-Salmonville","robots":{"index":"index","follow":"follow","max-snippet":"max-snippet:-1","max-image-preview":"max-image-preview:large","max-video-preview":"max-video-preview:-1"},"canonical":"https:\/\/web.graphisme.pro\/Servaville\/chasse-aux-oeufs\/","og_locale":"fr_FR","og_type":"article","og_title":"Chasse aux \u0153ufs - Mairie de Servaville-Salmonville","og_description":"Comme tous les ans,&nbsp; le Conseil Municipal des Jeunes organise sa chasse \u00e0 l\u2019\u0153uf, destin\u00e9e aux enfants de Servaville-Salmonville, le &nbsp;Dimanche 9 avril \u00e0 partir de 10h30 sur les terrains [&hellip;]","og_url":"https:\/\/web.graphisme.pro\/Servaville\/chasse-aux-oeufs\/","og_site_name":"Mairie de Servaville-Salmonville","article_published_time":"2023-04-03T15:56:09+00:00","article_modified_time":"2023-06-26T14:52:14+00:00","og_image":[{"width":432,"height":192,"url":"https:\/\/web.graphisme.pro\/Servaville\/wp-content\/uploads\/2023\/04\/chasse-aux-oeufs.png","type":"image\/png"}],"author":"Philippe Lemaitre","twitter_card":"summary_large_image","twitter_misc":{"\u00c9crit par":"Philippe Lemaitre","Dur\u00e9e de lecture estim\u00e9e":"1 minute"},"schema":{"@context":"https:\/\/schema.org","@graph":[{"@type":"Article","@id":"https:\/\/web.graphisme.pro\/Servaville\/chasse-aux-oeufs\/#article","isPartOf":{"@id":"https:\/\/web.graphisme.pro\/Servaville\/chasse-aux-oeufs\/"},"author":{"name":"Philippe Lemaitre","@id":"https:\/\/web.graphisme.pro\/Servaville\/#\/schema\/person\/2b4b2c756e32a8c40393d8da15ca2211"},"headline":"Chasse aux \u0153ufs","datePublished":"2023-04-03T15:56:09+00:00","dateModified":"2023-06-26T14:52:14+00:00","mainEntityOfPage":{"@id":"https:\/\/web.graphisme.pro\/Servaville\/chasse-aux-oeufs\/"},"wordCount":86,"publisher":{"@id":"https:\/\/web.graphisme.pro\/Servaville\/#organization"},"image":{"@id":"https:\/\/web.graphisme.pro\/Servaville\/chasse-aux-oeufs\/#primaryimage"},"thumbnailUrl":"https:\/\/web.graphisme.pro\/Servaville\/wp-content\/uploads\/2023\/04\/chasse-aux-oeufs.png","articleSection":["Actualit\u00e9s"],"inLanguage":"fr-FR"},{"@type":"WebPage","@id":"https:\/\/web.graphisme.pro\/Servaville\/chasse-aux-oeufs\/","url":"https:\/\/web.graphisme.pro\/Servaville\/chasse-aux-oeufs\/","name":"Chasse aux \u0153ufs - Mairie de Servaville-Salmonville","isPartOf":{"@id":"https:\/\/web.graphisme.pro\/Servaville\/#website"},"primaryImageOfPage":{"@id":"https:\/\/web.graphisme.pro\/Servaville\/chasse-aux-oeufs\/#primaryimage"},"image":{"@id":"https:\/\/web.graphisme.pro\/Servaville\/chasse-aux-oeufs\/#primaryimage"},"thumbnailUrl":"https:\/\/web.graphisme.pro\/Servaville\/wp-content\/uploads\/2023\/04\/chasse-aux-oeufs.png","datePublished":"2023-04-03T15:56:09+00:00","dateModified":"2023-06-26T14:52:14+00:00","breadcrumb":{"@id":"https:\/\/web.graphisme.pro\/Servaville\/chasse-aux-oeufs\/#breadcrumb"},"inLanguage":"fr-FR","potentialAction":[{"@type":"ReadAction","target":["https:\/\/web.graphisme.pro\/Servaville\/chasse-aux-oeufs\/"]}]},{"@type":"ImageObject","inLanguage":"fr-FR","@id":"https:\/\/web.graphisme.pro\/Servaville\/chasse-aux-oeufs\/#primaryimage","url":"https:\/\/web.graphisme.pro\/Servaville\/wp-content\/uploads\/2023\/04\/chasse-aux-oeufs.png","contentUrl":"https:\/\/web.graphisme.pro\/Servaville\/wp-content\/uploads\/2023\/04\/chasse-aux-oeufs.png","width":432,"height":192},{"@type":"BreadcrumbList","@id":"https:\/\/web.graphisme.pro\/Servaville\/chasse-aux-oeufs\/#breadcrumb","itemListElement":[{"@type":"ListItem","position":1,"name":"Accueil","item":"https:\/\/web.graphisme.pro\/Servaville\/"},{"@type":"ListItem","position":2,"name":"Chasse aux \u0153ufs"}]},{"@type":"WebSite","@id":"https:\/\/web.graphisme.pro\/Servaville\/#website","url":"https:\/\/web.graphisme.pro\/Servaville\/","name":"Mairie de Servaville-Salmonville","description":"Seine-Maritime Normandie","publisher":{"@id":"https:\/\/web.graphisme.pro\/Servaville\/#organization"},"potentialAction":[{"@type":"SearchAction","target":{"@type":"EntryPoint","urlTemplate":"https:\/\/web.graphisme.pro\/Servaville\/?s={search_term_string}"},"query-input":"required name=search_term_string"}],"inLanguage":"fr-FR"},{"@type":"Organization","@id":"https:\/\/web.graphisme.pro\/Servaville\/#organization","name":"Mairie de Servaville-Salmonville","url":"https:\/\/web.graphisme.pro\/Servaville\/","logo":{"@type":"ImageObject","inLanguage":"fr-FR","@id":"https:\/\/web.graphisme.pro\/Servaville\/#\/schema\/logo\/image\/","url":"https:\/\/web.graphisme.pro\/Servaville\/wp-content\/uploads\/2020\/08\/servaville_logo-e1598278648383.png","contentUrl":"https:\/\/web.graphisme.pro\/Servaville\/wp-content\/uploads\/2020\/08\/servaville_logo-e1598278648383.png","width":300,"height":236,"caption":"Mairie de Servaville-Salmonville"},"image":{"@id":"https:\/\/web.graphisme.pro\/Servaville\/#\/schema\/logo\/image\/"},"sameAs":["https:\/\/fr.wikipedia.org\/wiki\/Servaville-Salmonville"]},{"@type":"Person","@id":"https:\/\/web.graphisme.pro\/Servaville\/#\/schema\/person\/2b4b2c756e32a8c40393d8da15ca2211","name":"Philippe Lemaitre","url":"https:\/\/web.graphisme.pro\/Servaville\/author\/ph-lemaitre\/"}]}},"_links":{"self":[{"href":"https:\/\/web.graphisme.pro\/Servaville\/wp-json\/wp\/v2\/posts\/2156"}],"collection":[{"href":"https:\/\/web.graphisme.pro\/Servaville\/wp-json\/wp\/v2\/posts"}],"about":[{"href":"https:\/\/web.graphisme.pro\/Servaville\/wp-json\/wp\/v2\/types\/post"}],"author":[{"embeddable":true,"href":"https:\/\/web.graphisme.pro\/Servaville\/wp-json\/wp\/v2\/users\/3"}],"replies":[{"embeddable":true,"href":"https:\/\/web.graphisme.pro\/Servaville\/wp-json\/wp\/v2\/comments?post=2156"}],"version-history":[{"count":6,"href":"https:\/\/web.graphisme.pro\/Servaville\/wp-json\/wp\/v2\/posts\/2156\/revisions"}],"predecessor-version":[{"id":2256,"href":"https:\/\/web.graphisme.pro\/Servaville\/wp-json\/wp\/v2\/posts\/2156\/revisions\/2256"}],"wp:featuredmedia":[{"embeddable":true,"href":"https:\/\/web.graphisme.pro\/Servaville\/wp-json\/wp\/v2\/media\/2159"}],"wp:attachment":[{"href":"https:\/\/web.graphisme.pro\/Servaville\/wp-json\/wp\/v2\/media?parent=2156"}],"wp:term":[{"taxonomy":"category","embeddable":true,"href":"https:\/\/web.graphisme.pro\/Servaville\/wp-json\/wp\/v2\/categories?post=2156"},{"taxonomy":"post_tag","embeddable":true,"href":"https:\/\/web.graphisme.pro\/Servaville\/wp-json\/wp\/v2\/tags?post=2156"}],"curies":[{"name":"wp","href":"https:\/\/api.w.org\/{rel}","templated":true}]}}