{"id":1726,"date":"2022-03-20T12:25:07","date_gmt":"2022-03-20T11:25:07","guid":{"rendered":"https:\/\/web.graphisme.pro\/Servaville\/?p=1726"},"modified":"2023-06-26T16:55:10","modified_gmt":"2023-06-26T14:55:10","slug":"19eme-biennale-dart-contemporain","status":"publish","type":"post","link":"https:\/\/web.graphisme.pro\/Servaville\/19eme-biennale-dart-contemporain\/","title":{"rendered":"19\u00e8me biennale d\u2019Art Contemporain"},"content":{"rendered":"\n<p><strong><em>La 19\u00e8me biennale d\u2019art contemporain&nbsp;<\/em><\/strong><strong><em>de Servaville-Salmonville&nbsp;<\/em><\/strong><strong><em>ouvrira ses portes&nbsp;<\/em><\/strong><strong><em>du 2 au 18 avril 2022.<\/em><\/strong><\/p>\n\n\n\n<p>Qualit\u00e9, originalit\u00e9 des \u0153uvres, grands formats, sculptures monumentales\u2026et convivialit\u00e9 seront au rendez-vous.<\/p>\n\n\n\n<p>Vous \u00eates convi\u00e9s au vernissage<br>Samedi 2 avril 2022<br>\u00e0 17 h 00<br>Salle polyvalente<\/p>\n\n\n\n<p><em>Entr\u00e9e libre<\/em><\/p>\n","protected":false},"excerpt":{"rendered":"<p>La 19\u00e8me biennale d\u2019art contemporain&nbsp;de Servaville-Salmonville&nbsp;ouvrira ses portes&nbsp;du 2 au 18 avril 2022. Qualit\u00e9, originalit\u00e9 des \u0153uvres, grands formats, sculptures monumentales\u2026et convivialit\u00e9 seront au rendez-vous. Vous \u00eates convi\u00e9s au vernissageSamedi [&hellip;]<\/p>\n","protected":false},"author":1,"featured_media":1722,"comment_status":"closed","ping_status":"closed","sticky":false,"template":"","format":"standard","meta":{"_EventAllDay":false,"_EventTimezone":"","_EventStartDate":"","_EventEndDate":"","_EventStartDateUTC":"","_EventEndDateUTC":"","_EventShowMap":false,"_EventShowMapLink":false,"_EventURL":"","_EventCost":"","_EventCostDescription":"","_EventCurrencySymbol":"","_EventCurrencyCode":"","_EventCurrencyPosition":"","_EventDateTimeSeparator":"","_EventTimeRangeSeparator":"","_EventOrganizerID":[],"_EventVenueID":[],"_OrganizerEmail":"","_OrganizerPhone":"","_OrganizerWebsite":"","_VenueAddress":"","_VenueCity":"","_VenueCountry":"","_VenueProvince":"","_VenueState":"","_VenueZip":"","_VenuePhone":"","_VenueURL":"","_VenueStateProvince":"","_VenueLat":"","_VenueLng":"","_VenueShowMap":false,"_VenueShowMapLink":false,"footnotes":""},"categories":[1],"tags":[],"yoast_head":"<!-- This site is optimized with the Yoast SEO plugin v22.6 - https:\/\/yoast.com\/wordpress\/plugins\/seo\/ -->\n<title>19\u00e8me biennale d\u2019Art Contemporain - Mairie de Servaville-Salmonville<\/title>\n<meta name=\"robots\" content=\"index, follow, max-snippet:-1, max-image-preview:large, max-video-preview:-1\" \/>\n<link rel=\"canonical\" href=\"https:\/\/web.graphisme.pro\/Servaville\/19eme-biennale-dart-contemporain\/\" \/>\n<meta property=\"og:locale\" content=\"fr_FR\" \/>\n<meta property=\"og:type\" content=\"article\" \/>\n<meta property=\"og:title\" content=\"19\u00e8me biennale d\u2019Art Contemporain - Mairie de Servaville-Salmonville\" \/>\n<meta property=\"og:description\" content=\"La 19\u00e8me biennale d\u2019art contemporain&nbsp;de Servaville-Salmonville&nbsp;ouvrira ses portes&nbsp;du 2 au 18 avril 2022. Qualit\u00e9, originalit\u00e9 des \u0153uvres, grands formats, sculptures monumentales\u2026et convivialit\u00e9 seront au rendez-vous. Vous \u00eates convi\u00e9s au vernissageSamedi [&hellip;]\" \/>\n<meta property=\"og:url\" content=\"https:\/\/web.graphisme.pro\/Servaville\/19eme-biennale-dart-contemporain\/\" \/>\n<meta property=\"og:site_name\" content=\"Mairie de Servaville-Salmonville\" \/>\n<meta property=\"article:published_time\" content=\"2022-03-20T11:25:07+00:00\" \/>\n<meta property=\"article:modified_time\" content=\"2023-06-26T14:55:10+00:00\" \/>\n<meta property=\"og:image\" content=\"https:\/\/web.graphisme.pro\/Servaville\/wp-content\/uploads\/2022\/03\/AFFICHE-2022-1-copie.jpg\" \/>\n\t<meta property=\"og:image:width\" content=\"1488\" \/>\n\t<meta property=\"og:image:height\" content=\"2105\" \/>\n\t<meta property=\"og:image:type\" content=\"image\/jpeg\" \/>\n<meta name=\"author\" content=\"Servaville-mairie\" \/>\n<meta name=\"twitter:card\" content=\"summary_large_image\" \/>\n<meta name=\"twitter:label1\" content=\"\u00c9crit par\" \/>\n\t<meta name=\"twitter:data1\" content=\"Servaville-mairie\" \/>\n\t<meta name=\"twitter:label2\" content=\"Dur\u00e9e de lecture estim\u00e9e\" \/>\n\t<meta name=\"twitter:data2\" content=\"1 minute\" \/>\n<script type=\"application\/ld+json\" class=\"yoast-schema-graph\">{\"@context\":\"https:\/\/schema.org\",\"@graph\":[{\"@type\":\"Article\",\"@id\":\"https:\/\/web.graphisme.pro\/Servaville\/19eme-biennale-dart-contemporain\/#article\",\"isPartOf\":{\"@id\":\"https:\/\/web.graphisme.pro\/Servaville\/19eme-biennale-dart-contemporain\/\"},\"author\":{\"name\":\"Servaville-mairie\",\"@id\":\"https:\/\/web.graphisme.pro\/Servaville\/#\/schema\/person\/2444496edd3f3b3eecc9a217d6c16ac0\"},\"headline\":\"19\u00e8me biennale d\u2019Art Contemporain\",\"datePublished\":\"2022-03-20T11:25:07+00:00\",\"dateModified\":\"2023-06-26T14:55:10+00:00\",\"mainEntityOfPage\":{\"@id\":\"https:\/\/web.graphisme.pro\/Servaville\/19eme-biennale-dart-contemporain\/\"},\"wordCount\":48,\"publisher\":{\"@id\":\"https:\/\/web.graphisme.pro\/Servaville\/#organization\"},\"image\":{\"@id\":\"https:\/\/web.graphisme.pro\/Servaville\/19eme-biennale-dart-contemporain\/#primaryimage\"},\"thumbnailUrl\":\"https:\/\/web.graphisme.pro\/Servaville\/wp-content\/uploads\/2022\/03\/AFFICHE-2022-1-copie.jpg\",\"articleSection\":[\"Actualit\u00e9s\"],\"inLanguage\":\"fr-FR\"},{\"@type\":\"WebPage\",\"@id\":\"https:\/\/web.graphisme.pro\/Servaville\/19eme-biennale-dart-contemporain\/\",\"url\":\"https:\/\/web.graphisme.pro\/Servaville\/19eme-biennale-dart-contemporain\/\",\"name\":\"19\u00e8me biennale d\u2019Art Contemporain - Mairie de Servaville-Salmonville\",\"isPartOf\":{\"@id\":\"https:\/\/web.graphisme.pro\/Servaville\/#website\"},\"primaryImageOfPage\":{\"@id\":\"https:\/\/web.graphisme.pro\/Servaville\/19eme-biennale-dart-contemporain\/#primaryimage\"},\"image\":{\"@id\":\"https:\/\/web.graphisme.pro\/Servaville\/19eme-biennale-dart-contemporain\/#primaryimage\"},\"thumbnailUrl\":\"https:\/\/web.graphisme.pro\/Servaville\/wp-content\/uploads\/2022\/03\/AFFICHE-2022-1-copie.jpg\",\"datePublished\":\"2022-03-20T11:25:07+00:00\",\"dateModified\":\"2023-06-26T14:55:10+00:00\",\"breadcrumb\":{\"@id\":\"https:\/\/web.graphisme.pro\/Servaville\/19eme-biennale-dart-contemporain\/#breadcrumb\"},\"inLanguage\":\"fr-FR\",\"potentialAction\":[{\"@type\":\"ReadAction\",\"target\":[\"https:\/\/web.graphisme.pro\/Servaville\/19eme-biennale-dart-contemporain\/\"]}]},{\"@type\":\"ImageObject\",\"inLanguage\":\"fr-FR\",\"@id\":\"https:\/\/web.graphisme.pro\/Servaville\/19eme-biennale-dart-contemporain\/#primaryimage\",\"url\":\"https:\/\/web.graphisme.pro\/Servaville\/wp-content\/uploads\/2022\/03\/AFFICHE-2022-1-copie.jpg\",\"contentUrl\":\"https:\/\/web.graphisme.pro\/Servaville\/wp-content\/uploads\/2022\/03\/AFFICHE-2022-1-copie.jpg\",\"width\":1488,\"height\":2105},{\"@type\":\"BreadcrumbList\",\"@id\":\"https:\/\/web.graphisme.pro\/Servaville\/19eme-biennale-dart-contemporain\/#breadcrumb\",\"itemListElement\":[{\"@type\":\"ListItem\",\"position\":1,\"name\":\"Accueil\",\"item\":\"https:\/\/web.graphisme.pro\/Servaville\/\"},{\"@type\":\"ListItem\",\"position\":2,\"name\":\"19\u00e8me biennale d\u2019Art Contemporain\"}]},{\"@type\":\"WebSite\",\"@id\":\"https:\/\/web.graphisme.pro\/Servaville\/#website\",\"url\":\"https:\/\/web.graphisme.pro\/Servaville\/\",\"name\":\"Mairie de Servaville-Salmonville\",\"description\":\"Seine-Maritime Normandie\",\"publisher\":{\"@id\":\"https:\/\/web.graphisme.pro\/Servaville\/#organization\"},\"potentialAction\":[{\"@type\":\"SearchAction\",\"target\":{\"@type\":\"EntryPoint\",\"urlTemplate\":\"https:\/\/web.graphisme.pro\/Servaville\/?s={search_term_string}\"},\"query-input\":\"required name=search_term_string\"}],\"inLanguage\":\"fr-FR\"},{\"@type\":\"Organization\",\"@id\":\"https:\/\/web.graphisme.pro\/Servaville\/#organization\",\"name\":\"Mairie de Servaville-Salmonville\",\"url\":\"https:\/\/web.graphisme.pro\/Servaville\/\",\"logo\":{\"@type\":\"ImageObject\",\"inLanguage\":\"fr-FR\",\"@id\":\"https:\/\/web.graphisme.pro\/Servaville\/#\/schema\/logo\/image\/\",\"url\":\"https:\/\/web.graphisme.pro\/Servaville\/wp-content\/uploads\/2020\/08\/servaville_logo-e1598278648383.png\",\"contentUrl\":\"https:\/\/web.graphisme.pro\/Servaville\/wp-content\/uploads\/2020\/08\/servaville_logo-e1598278648383.png\",\"width\":300,\"height\":236,\"caption\":\"Mairie de Servaville-Salmonville\"},\"image\":{\"@id\":\"https:\/\/web.graphisme.pro\/Servaville\/#\/schema\/logo\/image\/\"},\"sameAs\":[\"https:\/\/fr.wikipedia.org\/wiki\/Servaville-Salmonville\"]},{\"@type\":\"Person\",\"@id\":\"https:\/\/web.graphisme.pro\/Servaville\/#\/schema\/person\/2444496edd3f3b3eecc9a217d6c16ac0\",\"name\":\"Servaville-mairie\",\"sameAs\":[\"https:\/\/web.graphisme.pro\/Servaville\"],\"url\":\"https:\/\/web.graphisme.pro\/Servaville\/author\/servaville-mairie\/\"}]}<\/script>\n<!-- \/ Yoast SEO plugin. -->","yoast_head_json":{"title":"19\u00e8me biennale d\u2019Art Contemporain - Mairie de Servaville-Salmonville","robots":{"index":"index","follow":"follow","max-snippet":"max-snippet:-1","max-image-preview":"max-image-preview:large","max-video-preview":"max-video-preview:-1"},"canonical":"https:\/\/web.graphisme.pro\/Servaville\/19eme-biennale-dart-contemporain\/","og_locale":"fr_FR","og_type":"article","og_title":"19\u00e8me biennale d\u2019Art Contemporain - Mairie de Servaville-Salmonville","og_description":"La 19\u00e8me biennale d\u2019art contemporain&nbsp;de Servaville-Salmonville&nbsp;ouvrira ses portes&nbsp;du 2 au 18 avril 2022. Qualit\u00e9, originalit\u00e9 des \u0153uvres, grands formats, sculptures monumentales\u2026et convivialit\u00e9 seront au rendez-vous. Vous \u00eates convi\u00e9s au vernissageSamedi [&hellip;]","og_url":"https:\/\/web.graphisme.pro\/Servaville\/19eme-biennale-dart-contemporain\/","og_site_name":"Mairie de Servaville-Salmonville","article_published_time":"2022-03-20T11:25:07+00:00","article_modified_time":"2023-06-26T14:55:10+00:00","og_image":[{"width":1488,"height":2105,"url":"https:\/\/web.graphisme.pro\/Servaville\/wp-content\/uploads\/2022\/03\/AFFICHE-2022-1-copie.jpg","type":"image\/jpeg"}],"author":"Servaville-mairie","twitter_card":"summary_large_image","twitter_misc":{"\u00c9crit par":"Servaville-mairie","Dur\u00e9e de lecture estim\u00e9e":"1 minute"},"schema":{"@context":"https:\/\/schema.org","@graph":[{"@type":"Article","@id":"https:\/\/web.graphisme.pro\/Servaville\/19eme-biennale-dart-contemporain\/#article","isPartOf":{"@id":"https:\/\/web.graphisme.pro\/Servaville\/19eme-biennale-dart-contemporain\/"},"author":{"name":"Servaville-mairie","@id":"https:\/\/web.graphisme.pro\/Servaville\/#\/schema\/person\/2444496edd3f3b3eecc9a217d6c16ac0"},"headline":"19\u00e8me biennale d\u2019Art Contemporain","datePublished":"2022-03-20T11:25:07+00:00","dateModified":"2023-06-26T14:55:10+00:00","mainEntityOfPage":{"@id":"https:\/\/web.graphisme.pro\/Servaville\/19eme-biennale-dart-contemporain\/"},"wordCount":48,"publisher":{"@id":"https:\/\/web.graphisme.pro\/Servaville\/#organization"},"image":{"@id":"https:\/\/web.graphisme.pro\/Servaville\/19eme-biennale-dart-contemporain\/#primaryimage"},"thumbnailUrl":"https:\/\/web.graphisme.pro\/Servaville\/wp-content\/uploads\/2022\/03\/AFFICHE-2022-1-copie.jpg","articleSection":["Actualit\u00e9s"],"inLanguage":"fr-FR"},{"@type":"WebPage","@id":"https:\/\/web.graphisme.pro\/Servaville\/19eme-biennale-dart-contemporain\/","url":"https:\/\/web.graphisme.pro\/Servaville\/19eme-biennale-dart-contemporain\/","name":"19\u00e8me biennale d\u2019Art Contemporain - Mairie de Servaville-Salmonville","isPartOf":{"@id":"https:\/\/web.graphisme.pro\/Servaville\/#website"},"primaryImageOfPage":{"@id":"https:\/\/web.graphisme.pro\/Servaville\/19eme-biennale-dart-contemporain\/#primaryimage"},"image":{"@id":"https:\/\/web.graphisme.pro\/Servaville\/19eme-biennale-dart-contemporain\/#primaryimage"},"thumbnailUrl":"https:\/\/web.graphisme.pro\/Servaville\/wp-content\/uploads\/2022\/03\/AFFICHE-2022-1-copie.jpg","datePublished":"2022-03-20T11:25:07+00:00","dateModified":"2023-06-26T14:55:10+00:00","breadcrumb":{"@id":"https:\/\/web.graphisme.pro\/Servaville\/19eme-biennale-dart-contemporain\/#breadcrumb"},"inLanguage":"fr-FR","potentialAction":[{"@type":"ReadAction","target":["https:\/\/web.graphisme.pro\/Servaville\/19eme-biennale-dart-contemporain\/"]}]},{"@type":"ImageObject","inLanguage":"fr-FR","@id":"https:\/\/web.graphisme.pro\/Servaville\/19eme-biennale-dart-contemporain\/#primaryimage","url":"https:\/\/web.graphisme.pro\/Servaville\/wp-content\/uploads\/2022\/03\/AFFICHE-2022-1-copie.jpg","contentUrl":"https:\/\/web.graphisme.pro\/Servaville\/wp-content\/uploads\/2022\/03\/AFFICHE-2022-1-copie.jpg","width":1488,"height":2105},{"@type":"BreadcrumbList","@id":"https:\/\/web.graphisme.pro\/Servaville\/19eme-biennale-dart-contemporain\/#breadcrumb","itemListElement":[{"@type":"ListItem","position":1,"name":"Accueil","item":"https:\/\/web.graphisme.pro\/Servaville\/"},{"@type":"ListItem","position":2,"name":"19\u00e8me biennale d\u2019Art Contemporain"}]},{"@type":"WebSite","@id":"https:\/\/web.graphisme.pro\/Servaville\/#website","url":"https:\/\/web.graphisme.pro\/Servaville\/","name":"Mairie de Servaville-Salmonville","description":"Seine-Maritime Normandie","publisher":{"@id":"https:\/\/web.graphisme.pro\/Servaville\/#organization"},"potentialAction":[{"@type":"SearchAction","target":{"@type":"EntryPoint","urlTemplate":"https:\/\/web.graphisme.pro\/Servaville\/?s={search_term_string}"},"query-input":"required name=search_term_string"}],"inLanguage":"fr-FR"},{"@type":"Organization","@id":"https:\/\/web.graphisme.pro\/Servaville\/#organization","name":"Mairie de Servaville-Salmonville","url":"https:\/\/web.graphisme.pro\/Servaville\/","logo":{"@type":"ImageObject","inLanguage":"fr-FR","@id":"https:\/\/web.graphisme.pro\/Servaville\/#\/schema\/logo\/image\/","url":"https:\/\/web.graphisme.pro\/Servaville\/wp-content\/uploads\/2020\/08\/servaville_logo-e1598278648383.png","contentUrl":"https:\/\/web.graphisme.pro\/Servaville\/wp-content\/uploads\/2020\/08\/servaville_logo-e1598278648383.png","width":300,"height":236,"caption":"Mairie de Servaville-Salmonville"},"image":{"@id":"https:\/\/web.graphisme.pro\/Servaville\/#\/schema\/logo\/image\/"},"sameAs":["https:\/\/fr.wikipedia.org\/wiki\/Servaville-Salmonville"]},{"@type":"Person","@id":"https:\/\/web.graphisme.pro\/Servaville\/#\/schema\/person\/2444496edd3f3b3eecc9a217d6c16ac0","name":"Servaville-mairie","sameAs":["https:\/\/web.graphisme.pro\/Servaville"],"url":"https:\/\/web.graphisme.pro\/Servaville\/author\/servaville-mairie\/"}]}},"_links":{"self":[{"href":"https:\/\/web.graphisme.pro\/Servaville\/wp-json\/wp\/v2\/posts\/1726"}],"collection":[{"href":"https:\/\/web.graphisme.pro\/Servaville\/wp-json\/wp\/v2\/posts"}],"about":[{"href":"https:\/\/web.graphisme.pro\/Servaville\/wp-json\/wp\/v2\/types\/post"}],"author":[{"embeddable":true,"href":"https:\/\/web.graphisme.pro\/Servaville\/wp-json\/wp\/v2\/users\/1"}],"replies":[{"embeddable":true,"href":"https:\/\/web.graphisme.pro\/Servaville\/wp-json\/wp\/v2\/comments?post=1726"}],"version-history":[{"count":3,"href":"https:\/\/web.graphisme.pro\/Servaville\/wp-json\/wp\/v2\/posts\/1726\/revisions"}],"predecessor-version":[{"id":2259,"href":"https:\/\/web.graphisme.pro\/Servaville\/wp-json\/wp\/v2\/posts\/1726\/revisions\/2259"}],"wp:featuredmedia":[{"embeddable":true,"href":"https:\/\/web.graphisme.pro\/Servaville\/wp-json\/wp\/v2\/media\/1722"}],"wp:attachment":[{"href":"https:\/\/web.graphisme.pro\/Servaville\/wp-json\/wp\/v2\/media?parent=1726"}],"wp:term":[{"taxonomy":"category","embeddable":true,"href":"https:\/\/web.graphisme.pro\/Servaville\/wp-json\/wp\/v2\/categories?post=1726"},{"taxonomy":"post_tag","embeddable":true,"href":"https:\/\/web.graphisme.pro\/Servaville\/wp-json\/wp\/v2\/tags?post=1726"}],"curies":[{"name":"wp","href":"https:\/\/api.w.org\/{rel}","templated":true}]}}