{"id":1667,"date":"2022-01-21T14:14:47","date_gmt":"2022-01-21T13:14:47","guid":{"rendered":"https:\/\/web.graphisme.pro\/Servaville\/?p=1667"},"modified":"2022-01-21T14:14:49","modified_gmt":"2022-01-21T13:14:49","slug":"carte-de-voeux-qui-sont-ils","status":"publish","type":"post","link":"https:\/\/web.graphisme.pro\/Servaville\/carte-de-voeux-qui-sont-ils\/","title":{"rendered":"Carte de voeux : Qui sont-ils?"},"content":{"rendered":"\n<p>Cette ann\u00e9e, pour la carte de voeux, le Conseil Municipal a choisi de mettre en avant des Servavillais et Servavillaises impliqu\u00e9es dans la vie de la commune.<\/p>\n\n\n\n<figure class=\"wp-block-image size-full\"><img decoding=\"async\" src=\"https:\/\/web.graphisme.pro\/Servaville\/wp-content\/uploads\/2022\/01\/voeux-mairie.jpg\" alt=\"\" class=\"wp-image-1669\"\/><\/figure>\n\n\n\n<p>N\u00b01 Mme N. Honnet\u00a0 Comit\u00e9 des F\u00eates<\/p>\n\n\n\n<p>N\u00b02 M G. Alexandre\u00a0 \u00a0Amicale des anciens sapeurs-pompiers<\/p>\n\n\n\n<p>N\u00b03 M A. Gluck&nbsp; ASCSS<\/p>\n\n\n\n<p>N\u00b04 M G. Verger\u00a0 CCAS<\/p>\n\n\n\n<p>N\u00b0 5 M P. Lambert\u00a0 Sapeurs-Pompiers\u00a0<\/p>\n\n\n\n<p>N\u00b06 Mme J. Borel&nbsp; &nbsp;Association des Parents d&rsquo;\u00e9l\u00e8ves<\/p>\n\n\n\n<p>N\u00b07 M E. Delaunay B\u00e9n\u00e9vole au Conseil Municipal des Jeunes<\/p>\n\n\n\n<p>N\u00b08 M D. Delandes\u00a0 Comit\u00e9 des F\u00eates<\/p>\n\n\n\n<p>N\u00b09 Mme N. Vallee\u00a0 \u00a0Club des Anciens<\/p>\n\n\n\n<p>N\u00b010 Mme N. Gence Association P\u00e9tanque<\/p>\n\n\n\n<p>N\u00b011 M M. Levif\u00a0 \u00a0\u00a0\u00a0Sapeurs-Pompiers<\/p>\n\n\n\n<p>N\u00b0 12 M T. Gence\u00a0 Association P\u00e9tanque<\/p>\n\n\n\n<p>N\u00b0 13 Mme C. Cardosso&nbsp; &nbsp;Sapeurs-Pompiers<\/p>\n\n\n\n<p>N\u00b014 M L. Desanneaux&nbsp; &nbsp; Sapeurs-Pompiers<\/p>\n\n\n\n<p>N\u00b0 15 M E. Masset&nbsp; &nbsp; Amicale des anciens sapeurs-pompiers<\/p>\n\n\n\n<p>N\u00b016 M PH. Lemaitre&nbsp; &nbsp;B\u00e9n\u00e9vole de la Commission Communication<\/p>\n\n\n\n<p>N\u00b017 Mme F. Delandes&nbsp; &nbsp;Comit\u00e9 des F\u00eates<\/p>\n\n\n\n<p>N\u00b018 M P. Honnet&nbsp; Porte-drapeau<\/p>\n\n\n\n<p>N\u00b019 M JP. Robin&nbsp; &nbsp; Club des Anciens<\/p>\n","protected":false},"excerpt":{"rendered":"<p>Cette ann\u00e9e, pour la carte de voeux, le Conseil Municipal a choisi de mettre en avant des Servavillais et Servavillaises impliqu\u00e9es dans la vie de la commune. N\u00b01 Mme N. [&hellip;]<\/p>\n","protected":false},"author":1,"featured_media":0,"comment_status":"closed","ping_status":"closed","sticky":false,"template":"","format":"standard","meta":{"_EventAllDay":false,"_EventTimezone":"","_EventStartDate":"","_EventEndDate":"","_EventStartDateUTC":"","_EventEndDateUTC":"","_EventShowMap":false,"_EventShowMapLink":false,"_EventURL":"","_EventCost":"","_EventCostDescription":"","_EventCurrencySymbol":"","_EventCurrencyCode":"","_EventCurrencyPosition":"","_EventDateTimeSeparator":"","_EventTimeRangeSeparator":"","_EventOrganizerID":[],"_EventVenueID":[],"_OrganizerEmail":"","_OrganizerPhone":"","_OrganizerWebsite":"","_VenueAddress":"","_VenueCity":"","_VenueCountry":"","_VenueProvince":"","_VenueState":"","_VenueZip":"","_VenuePhone":"","_VenueURL":"","_VenueStateProvince":"","_VenueLat":"","_VenueLng":"","_VenueShowMap":false,"_VenueShowMapLink":false,"footnotes":""},"categories":[1],"tags":[],"yoast_head":"<!-- This site is optimized with the Yoast SEO plugin v22.6 - https:\/\/yoast.com\/wordpress\/plugins\/seo\/ -->\n<title>Carte de voeux : Qui sont-ils? - Mairie de Servaville-Salmonville<\/title>\n<meta name=\"robots\" content=\"index, follow, max-snippet:-1, max-image-preview:large, max-video-preview:-1\" \/>\n<link rel=\"canonical\" href=\"https:\/\/web.graphisme.pro\/Servaville\/carte-de-voeux-qui-sont-ils\/\" \/>\n<meta property=\"og:locale\" content=\"fr_FR\" \/>\n<meta property=\"og:type\" content=\"article\" \/>\n<meta property=\"og:title\" content=\"Carte de voeux : Qui sont-ils? - Mairie de Servaville-Salmonville\" \/>\n<meta property=\"og:description\" content=\"Cette ann\u00e9e, pour la carte de voeux, le Conseil Municipal a choisi de mettre en avant des Servavillais et Servavillaises impliqu\u00e9es dans la vie de la commune. N\u00b01 Mme N. [&hellip;]\" \/>\n<meta property=\"og:url\" content=\"https:\/\/web.graphisme.pro\/Servaville\/carte-de-voeux-qui-sont-ils\/\" \/>\n<meta property=\"og:site_name\" content=\"Mairie de Servaville-Salmonville\" \/>\n<meta property=\"article:published_time\" content=\"2022-01-21T13:14:47+00:00\" \/>\n<meta property=\"article:modified_time\" content=\"2022-01-21T13:14:49+00:00\" \/>\n<meta property=\"og:image\" content=\"https:\/\/web.graphisme.pro\/Servaville\/wp-content\/uploads\/2022\/01\/voeux-mairie.jpg\" \/>\n<meta name=\"author\" content=\"Servaville-mairie\" \/>\n<meta name=\"twitter:card\" content=\"summary_large_image\" \/>\n<meta name=\"twitter:label1\" content=\"\u00c9crit par\" \/>\n\t<meta name=\"twitter:data1\" content=\"Servaville-mairie\" \/>\n\t<meta name=\"twitter:label2\" content=\"Dur\u00e9e de lecture estim\u00e9e\" \/>\n\t<meta name=\"twitter:data2\" content=\"2 minutes\" \/>\n<script type=\"application\/ld+json\" class=\"yoast-schema-graph\">{\"@context\":\"https:\/\/schema.org\",\"@graph\":[{\"@type\":\"Article\",\"@id\":\"https:\/\/web.graphisme.pro\/Servaville\/carte-de-voeux-qui-sont-ils\/#article\",\"isPartOf\":{\"@id\":\"https:\/\/web.graphisme.pro\/Servaville\/carte-de-voeux-qui-sont-ils\/\"},\"author\":{\"name\":\"Servaville-mairie\",\"@id\":\"https:\/\/web.graphisme.pro\/Servaville\/#\/schema\/person\/2444496edd3f3b3eecc9a217d6c16ac0\"},\"headline\":\"Carte de voeux : Qui sont-ils?\",\"datePublished\":\"2022-01-21T13:14:47+00:00\",\"dateModified\":\"2022-01-21T13:14:49+00:00\",\"mainEntityOfPage\":{\"@id\":\"https:\/\/web.graphisme.pro\/Servaville\/carte-de-voeux-qui-sont-ils\/\"},\"wordCount\":186,\"publisher\":{\"@id\":\"https:\/\/web.graphisme.pro\/Servaville\/#organization\"},\"image\":{\"@id\":\"https:\/\/web.graphisme.pro\/Servaville\/carte-de-voeux-qui-sont-ils\/#primaryimage\"},\"thumbnailUrl\":\"https:\/\/web.graphisme.pro\/Servaville\/wp-content\/uploads\/2022\/01\/voeux-mairie.jpg\",\"articleSection\":[\"Actualit\u00e9s\"],\"inLanguage\":\"fr-FR\"},{\"@type\":\"WebPage\",\"@id\":\"https:\/\/web.graphisme.pro\/Servaville\/carte-de-voeux-qui-sont-ils\/\",\"url\":\"https:\/\/web.graphisme.pro\/Servaville\/carte-de-voeux-qui-sont-ils\/\",\"name\":\"Carte de voeux : Qui sont-ils? - Mairie de Servaville-Salmonville\",\"isPartOf\":{\"@id\":\"https:\/\/web.graphisme.pro\/Servaville\/#website\"},\"primaryImageOfPage\":{\"@id\":\"https:\/\/web.graphisme.pro\/Servaville\/carte-de-voeux-qui-sont-ils\/#primaryimage\"},\"image\":{\"@id\":\"https:\/\/web.graphisme.pro\/Servaville\/carte-de-voeux-qui-sont-ils\/#primaryimage\"},\"thumbnailUrl\":\"https:\/\/web.graphisme.pro\/Servaville\/wp-content\/uploads\/2022\/01\/voeux-mairie.jpg\",\"datePublished\":\"2022-01-21T13:14:47+00:00\",\"dateModified\":\"2022-01-21T13:14:49+00:00\",\"breadcrumb\":{\"@id\":\"https:\/\/web.graphisme.pro\/Servaville\/carte-de-voeux-qui-sont-ils\/#breadcrumb\"},\"inLanguage\":\"fr-FR\",\"potentialAction\":[{\"@type\":\"ReadAction\",\"target\":[\"https:\/\/web.graphisme.pro\/Servaville\/carte-de-voeux-qui-sont-ils\/\"]}]},{\"@type\":\"ImageObject\",\"inLanguage\":\"fr-FR\",\"@id\":\"https:\/\/web.graphisme.pro\/Servaville\/carte-de-voeux-qui-sont-ils\/#primaryimage\",\"url\":\"https:\/\/web.graphisme.pro\/Servaville\/wp-content\/uploads\/2022\/01\/voeux-mairie.jpg\",\"contentUrl\":\"https:\/\/web.graphisme.pro\/Servaville\/wp-content\/uploads\/2022\/01\/voeux-mairie.jpg\"},{\"@type\":\"BreadcrumbList\",\"@id\":\"https:\/\/web.graphisme.pro\/Servaville\/carte-de-voeux-qui-sont-ils\/#breadcrumb\",\"itemListElement\":[{\"@type\":\"ListItem\",\"position\":1,\"name\":\"Accueil\",\"item\":\"https:\/\/web.graphisme.pro\/Servaville\/\"},{\"@type\":\"ListItem\",\"position\":2,\"name\":\"Carte de voeux : Qui sont-ils?\"}]},{\"@type\":\"WebSite\",\"@id\":\"https:\/\/web.graphisme.pro\/Servaville\/#website\",\"url\":\"https:\/\/web.graphisme.pro\/Servaville\/\",\"name\":\"Mairie de Servaville-Salmonville\",\"description\":\"Seine-Maritime Normandie\",\"publisher\":{\"@id\":\"https:\/\/web.graphisme.pro\/Servaville\/#organization\"},\"potentialAction\":[{\"@type\":\"SearchAction\",\"target\":{\"@type\":\"EntryPoint\",\"urlTemplate\":\"https:\/\/web.graphisme.pro\/Servaville\/?s={search_term_string}\"},\"query-input\":\"required name=search_term_string\"}],\"inLanguage\":\"fr-FR\"},{\"@type\":\"Organization\",\"@id\":\"https:\/\/web.graphisme.pro\/Servaville\/#organization\",\"name\":\"Mairie de Servaville-Salmonville\",\"url\":\"https:\/\/web.graphisme.pro\/Servaville\/\",\"logo\":{\"@type\":\"ImageObject\",\"inLanguage\":\"fr-FR\",\"@id\":\"https:\/\/web.graphisme.pro\/Servaville\/#\/schema\/logo\/image\/\",\"url\":\"https:\/\/web.graphisme.pro\/Servaville\/wp-content\/uploads\/2020\/08\/servaville_logo-e1598278648383.png\",\"contentUrl\":\"https:\/\/web.graphisme.pro\/Servaville\/wp-content\/uploads\/2020\/08\/servaville_logo-e1598278648383.png\",\"width\":300,\"height\":236,\"caption\":\"Mairie de Servaville-Salmonville\"},\"image\":{\"@id\":\"https:\/\/web.graphisme.pro\/Servaville\/#\/schema\/logo\/image\/\"},\"sameAs\":[\"https:\/\/fr.wikipedia.org\/wiki\/Servaville-Salmonville\"]},{\"@type\":\"Person\",\"@id\":\"https:\/\/web.graphisme.pro\/Servaville\/#\/schema\/person\/2444496edd3f3b3eecc9a217d6c16ac0\",\"name\":\"Servaville-mairie\",\"sameAs\":[\"https:\/\/web.graphisme.pro\/Servaville\"],\"url\":\"https:\/\/web.graphisme.pro\/Servaville\/author\/servaville-mairie\/\"}]}<\/script>\n<!-- \/ Yoast SEO plugin. -->","yoast_head_json":{"title":"Carte de voeux : Qui sont-ils? - Mairie de Servaville-Salmonville","robots":{"index":"index","follow":"follow","max-snippet":"max-snippet:-1","max-image-preview":"max-image-preview:large","max-video-preview":"max-video-preview:-1"},"canonical":"https:\/\/web.graphisme.pro\/Servaville\/carte-de-voeux-qui-sont-ils\/","og_locale":"fr_FR","og_type":"article","og_title":"Carte de voeux : Qui sont-ils? - Mairie de Servaville-Salmonville","og_description":"Cette ann\u00e9e, pour la carte de voeux, le Conseil Municipal a choisi de mettre en avant des Servavillais et Servavillaises impliqu\u00e9es dans la vie de la commune. N\u00b01 Mme N. [&hellip;]","og_url":"https:\/\/web.graphisme.pro\/Servaville\/carte-de-voeux-qui-sont-ils\/","og_site_name":"Mairie de Servaville-Salmonville","article_published_time":"2022-01-21T13:14:47+00:00","article_modified_time":"2022-01-21T13:14:49+00:00","og_image":[{"url":"https:\/\/web.graphisme.pro\/Servaville\/wp-content\/uploads\/2022\/01\/voeux-mairie.jpg"}],"author":"Servaville-mairie","twitter_card":"summary_large_image","twitter_misc":{"\u00c9crit par":"Servaville-mairie","Dur\u00e9e de lecture estim\u00e9e":"2 minutes"},"schema":{"@context":"https:\/\/schema.org","@graph":[{"@type":"Article","@id":"https:\/\/web.graphisme.pro\/Servaville\/carte-de-voeux-qui-sont-ils\/#article","isPartOf":{"@id":"https:\/\/web.graphisme.pro\/Servaville\/carte-de-voeux-qui-sont-ils\/"},"author":{"name":"Servaville-mairie","@id":"https:\/\/web.graphisme.pro\/Servaville\/#\/schema\/person\/2444496edd3f3b3eecc9a217d6c16ac0"},"headline":"Carte de voeux : Qui sont-ils?","datePublished":"2022-01-21T13:14:47+00:00","dateModified":"2022-01-21T13:14:49+00:00","mainEntityOfPage":{"@id":"https:\/\/web.graphisme.pro\/Servaville\/carte-de-voeux-qui-sont-ils\/"},"wordCount":186,"publisher":{"@id":"https:\/\/web.graphisme.pro\/Servaville\/#organization"},"image":{"@id":"https:\/\/web.graphisme.pro\/Servaville\/carte-de-voeux-qui-sont-ils\/#primaryimage"},"thumbnailUrl":"https:\/\/web.graphisme.pro\/Servaville\/wp-content\/uploads\/2022\/01\/voeux-mairie.jpg","articleSection":["Actualit\u00e9s"],"inLanguage":"fr-FR"},{"@type":"WebPage","@id":"https:\/\/web.graphisme.pro\/Servaville\/carte-de-voeux-qui-sont-ils\/","url":"https:\/\/web.graphisme.pro\/Servaville\/carte-de-voeux-qui-sont-ils\/","name":"Carte de voeux : Qui sont-ils? - Mairie de Servaville-Salmonville","isPartOf":{"@id":"https:\/\/web.graphisme.pro\/Servaville\/#website"},"primaryImageOfPage":{"@id":"https:\/\/web.graphisme.pro\/Servaville\/carte-de-voeux-qui-sont-ils\/#primaryimage"},"image":{"@id":"https:\/\/web.graphisme.pro\/Servaville\/carte-de-voeux-qui-sont-ils\/#primaryimage"},"thumbnailUrl":"https:\/\/web.graphisme.pro\/Servaville\/wp-content\/uploads\/2022\/01\/voeux-mairie.jpg","datePublished":"2022-01-21T13:14:47+00:00","dateModified":"2022-01-21T13:14:49+00:00","breadcrumb":{"@id":"https:\/\/web.graphisme.pro\/Servaville\/carte-de-voeux-qui-sont-ils\/#breadcrumb"},"inLanguage":"fr-FR","potentialAction":[{"@type":"ReadAction","target":["https:\/\/web.graphisme.pro\/Servaville\/carte-de-voeux-qui-sont-ils\/"]}]},{"@type":"ImageObject","inLanguage":"fr-FR","@id":"https:\/\/web.graphisme.pro\/Servaville\/carte-de-voeux-qui-sont-ils\/#primaryimage","url":"https:\/\/web.graphisme.pro\/Servaville\/wp-content\/uploads\/2022\/01\/voeux-mairie.jpg","contentUrl":"https:\/\/web.graphisme.pro\/Servaville\/wp-content\/uploads\/2022\/01\/voeux-mairie.jpg"},{"@type":"BreadcrumbList","@id":"https:\/\/web.graphisme.pro\/Servaville\/carte-de-voeux-qui-sont-ils\/#breadcrumb","itemListElement":[{"@type":"ListItem","position":1,"name":"Accueil","item":"https:\/\/web.graphisme.pro\/Servaville\/"},{"@type":"ListItem","position":2,"name":"Carte de voeux : Qui sont-ils?"}]},{"@type":"WebSite","@id":"https:\/\/web.graphisme.pro\/Servaville\/#website","url":"https:\/\/web.graphisme.pro\/Servaville\/","name":"Mairie de Servaville-Salmonville","description":"Seine-Maritime Normandie","publisher":{"@id":"https:\/\/web.graphisme.pro\/Servaville\/#organization"},"potentialAction":[{"@type":"SearchAction","target":{"@type":"EntryPoint","urlTemplate":"https:\/\/web.graphisme.pro\/Servaville\/?s={search_term_string}"},"query-input":"required name=search_term_string"}],"inLanguage":"fr-FR"},{"@type":"Organization","@id":"https:\/\/web.graphisme.pro\/Servaville\/#organization","name":"Mairie de Servaville-Salmonville","url":"https:\/\/web.graphisme.pro\/Servaville\/","logo":{"@type":"ImageObject","inLanguage":"fr-FR","@id":"https:\/\/web.graphisme.pro\/Servaville\/#\/schema\/logo\/image\/","url":"https:\/\/web.graphisme.pro\/Servaville\/wp-content\/uploads\/2020\/08\/servaville_logo-e1598278648383.png","contentUrl":"https:\/\/web.graphisme.pro\/Servaville\/wp-content\/uploads\/2020\/08\/servaville_logo-e1598278648383.png","width":300,"height":236,"caption":"Mairie de Servaville-Salmonville"},"image":{"@id":"https:\/\/web.graphisme.pro\/Servaville\/#\/schema\/logo\/image\/"},"sameAs":["https:\/\/fr.wikipedia.org\/wiki\/Servaville-Salmonville"]},{"@type":"Person","@id":"https:\/\/web.graphisme.pro\/Servaville\/#\/schema\/person\/2444496edd3f3b3eecc9a217d6c16ac0","name":"Servaville-mairie","sameAs":["https:\/\/web.graphisme.pro\/Servaville"],"url":"https:\/\/web.graphisme.pro\/Servaville\/author\/servaville-mairie\/"}]}},"_links":{"self":[{"href":"https:\/\/web.graphisme.pro\/Servaville\/wp-json\/wp\/v2\/posts\/1667"}],"collection":[{"href":"https:\/\/web.graphisme.pro\/Servaville\/wp-json\/wp\/v2\/posts"}],"about":[{"href":"https:\/\/web.graphisme.pro\/Servaville\/wp-json\/wp\/v2\/types\/post"}],"author":[{"embeddable":true,"href":"https:\/\/web.graphisme.pro\/Servaville\/wp-json\/wp\/v2\/users\/1"}],"replies":[{"embeddable":true,"href":"https:\/\/web.graphisme.pro\/Servaville\/wp-json\/wp\/v2\/comments?post=1667"}],"version-history":[{"count":1,"href":"https:\/\/web.graphisme.pro\/Servaville\/wp-json\/wp\/v2\/posts\/1667\/revisions"}],"predecessor-version":[{"id":1670,"href":"https:\/\/web.graphisme.pro\/Servaville\/wp-json\/wp\/v2\/posts\/1667\/revisions\/1670"}],"wp:attachment":[{"href":"https:\/\/web.graphisme.pro\/Servaville\/wp-json\/wp\/v2\/media?parent=1667"}],"wp:term":[{"taxonomy":"category","embeddable":true,"href":"https:\/\/web.graphisme.pro\/Servaville\/wp-json\/wp\/v2\/categories?post=1667"},{"taxonomy":"post_tag","embeddable":true,"href":"https:\/\/web.graphisme.pro\/Servaville\/wp-json\/wp\/v2\/tags?post=1667"}],"curies":[{"name":"wp","href":"https:\/\/api.w.org\/{rel}","templated":true}]}}