{"id":1636,"date":"2021-12-17T07:37:37","date_gmt":"2021-12-17T06:37:37","guid":{"rendered":"https:\/\/web.graphisme.pro\/Servaville\/?p=1636"},"modified":"2021-12-17T07:37:38","modified_gmt":"2021-12-17T06:37:38","slug":"la-mairie-est-illuminee","status":"publish","type":"post","link":"https:\/\/web.graphisme.pro\/Servaville\/la-mairie-est-illuminee\/","title":{"rendered":"La mairie est illumin\u00e9e !"},"content":{"rendered":"\n<p>A l\u2019approche de No\u00ebl, le CMJ a organis\u00e9 la d\u00e9coration et l\u2019illumination de la mairie. Vendredi 10 d\u00e9cembre, une centaine de Servavillais et Servavillaises ont r\u00e9pondu pr\u00e9sent \u00e0 l\u2019invitation des jeunes.<\/p>\n\n\n\n<p>Apr\u00e8s un discours du CMJ puis du maire, le d\u00e9compte a \u00e9t\u00e9 lanc\u00e9&nbsp;: \u00ab&nbsp;5, 4, 3, 2, 1 Joyeux No\u00ebl&nbsp;!&nbsp;\u00bb La mairie s\u2019est alors illumin\u00e9e et tous ont pu admirer les d\u00e9corations&nbsp;: sapins naturels et sapins de bois, boules et cadeaux, bonhomme de neige et P\u00e8re No\u00ebl, guirlandes et sol enneig\u00e9\u2026&nbsp;<\/p>\n\n\n\n<p>Un vin chaud et un chocolat chaud offerts par la municipalit\u00e9 ont prolong\u00e9 ce beau moment de convivialit\u00e9.<\/p>\n\n\n\n<p>Si vous avez manqu\u00e9 cette soir\u00e9e, les d\u00e9corations et illuminations sont en place pour plusieurs semaines. Venez les admirer&nbsp;!<\/p>\n\n\n\n<p>Belles f\u00eates de fin d\u2019ann\u00e9e \u00e0 tous&nbsp;!<\/p>\n\n\n\n<p>L\u2019\u00e9quipe du Conseil Municipal des Jeunes<\/p>\n\n\n\n<figure class=\"wp-block-image size-full\"><img loading=\"lazy\" decoding=\"async\" width=\"1024\" height=\"768\" src=\"https:\/\/web.graphisme.pro\/Servaville\/wp-content\/uploads\/2021\/12\/WhatsApp-Image-2021-12-11-at-15.51.36-1.jpeg\" alt=\"\" class=\"wp-image-1638\" srcset=\"https:\/\/web.graphisme.pro\/Servaville\/wp-content\/uploads\/2021\/12\/WhatsApp-Image-2021-12-11-at-15.51.36-1.jpeg 1024w, https:\/\/web.graphisme.pro\/Servaville\/wp-content\/uploads\/2021\/12\/WhatsApp-Image-2021-12-11-at-15.51.36-1-300x225.jpeg 300w, https:\/\/web.graphisme.pro\/Servaville\/wp-content\/uploads\/2021\/12\/WhatsApp-Image-2021-12-11-at-15.51.36-1-768x576.jpeg 768w, https:\/\/web.graphisme.pro\/Servaville\/wp-content\/uploads\/2021\/12\/WhatsApp-Image-2021-12-11-at-15.51.36-1-140x105.jpeg 140w\" sizes=\"(max-width: 1024px) 100vw, 1024px\" \/><\/figure>\n\n\n\n<figure class=\"wp-block-image size-large\"><img loading=\"lazy\" decoding=\"async\" width=\"681\" height=\"1024\" src=\"https:\/\/web.graphisme.pro\/Servaville\/wp-content\/uploads\/2021\/12\/DSC_0398-681x1024.jpg\" alt=\"\" class=\"wp-image-1639\" srcset=\"https:\/\/web.graphisme.pro\/Servaville\/wp-content\/uploads\/2021\/12\/DSC_0398-681x1024.jpg 681w, https:\/\/web.graphisme.pro\/Servaville\/wp-content\/uploads\/2021\/12\/DSC_0398-199x300.jpg 199w, https:\/\/web.graphisme.pro\/Servaville\/wp-content\/uploads\/2021\/12\/DSC_0398-768x1155.jpg 768w, https:\/\/web.graphisme.pro\/Servaville\/wp-content\/uploads\/2021\/12\/DSC_0398-1021x1536.jpg 1021w, https:\/\/web.graphisme.pro\/Servaville\/wp-content\/uploads\/2021\/12\/DSC_0398-1362x2048.jpg 1362w, https:\/\/web.graphisme.pro\/Servaville\/wp-content\/uploads\/2021\/12\/DSC_0398-140x211.jpg 140w, https:\/\/web.graphisme.pro\/Servaville\/wp-content\/uploads\/2021\/12\/DSC_0398-scaled.jpg 1702w\" sizes=\"(max-width: 681px) 100vw, 681px\" \/><\/figure>\n","protected":false},"excerpt":{"rendered":"<p>A l\u2019approche de No\u00ebl, le CMJ a organis\u00e9 la d\u00e9coration et l\u2019illumination de la mairie. Vendredi 10 d\u00e9cembre, une centaine de Servavillais et Servavillaises ont r\u00e9pondu pr\u00e9sent \u00e0 l\u2019invitation des [&hellip;]<\/p>\n","protected":false},"author":1,"featured_media":0,"comment_status":"closed","ping_status":"closed","sticky":false,"template":"","format":"standard","meta":{"_EventAllDay":false,"_EventTimezone":"","_EventStartDate":"","_EventEndDate":"","_EventStartDateUTC":"","_EventEndDateUTC":"","_EventShowMap":false,"_EventShowMapLink":false,"_EventURL":"","_EventCost":"","_EventCostDescription":"","_EventCurrencySymbol":"","_EventCurrencyCode":"","_EventCurrencyPosition":"","_EventDateTimeSeparator":"","_EventTimeRangeSeparator":"","_EventOrganizerID":[],"_EventVenueID":[],"_OrganizerEmail":"","_OrganizerPhone":"","_OrganizerWebsite":"","_VenueAddress":"","_VenueCity":"","_VenueCountry":"","_VenueProvince":"","_VenueState":"","_VenueZip":"","_VenuePhone":"","_VenueURL":"","_VenueStateProvince":"","_VenueLat":"","_VenueLng":"","_VenueShowMap":false,"_VenueShowMapLink":false,"footnotes":""},"categories":[1],"tags":[],"yoast_head":"<!-- This site is optimized with the Yoast SEO plugin v22.6 - https:\/\/yoast.com\/wordpress\/plugins\/seo\/ -->\n<title>La mairie est illumin\u00e9e ! - Mairie de Servaville-Salmonville<\/title>\n<meta name=\"robots\" content=\"index, follow, max-snippet:-1, max-image-preview:large, max-video-preview:-1\" \/>\n<link rel=\"canonical\" href=\"https:\/\/web.graphisme.pro\/Servaville\/la-mairie-est-illuminee\/\" \/>\n<meta property=\"og:locale\" content=\"fr_FR\" \/>\n<meta property=\"og:type\" content=\"article\" \/>\n<meta property=\"og:title\" content=\"La mairie est illumin\u00e9e ! - Mairie de Servaville-Salmonville\" \/>\n<meta property=\"og:description\" content=\"A l\u2019approche de No\u00ebl, le CMJ a organis\u00e9 la d\u00e9coration et l\u2019illumination de la mairie. Vendredi 10 d\u00e9cembre, une centaine de Servavillais et Servavillaises ont r\u00e9pondu pr\u00e9sent \u00e0 l\u2019invitation des [&hellip;]\" \/>\n<meta property=\"og:url\" content=\"https:\/\/web.graphisme.pro\/Servaville\/la-mairie-est-illuminee\/\" \/>\n<meta property=\"og:site_name\" content=\"Mairie de Servaville-Salmonville\" \/>\n<meta property=\"article:published_time\" content=\"2021-12-17T06:37:37+00:00\" \/>\n<meta property=\"article:modified_time\" content=\"2021-12-17T06:37:38+00:00\" \/>\n<meta property=\"og:image\" content=\"https:\/\/web.graphisme.pro\/Servaville\/wp-content\/uploads\/2021\/12\/WhatsApp-Image-2021-12-11-at-15.51.36-1.jpeg\" \/>\n<meta name=\"author\" content=\"Servaville-mairie\" \/>\n<meta name=\"twitter:card\" content=\"summary_large_image\" \/>\n<meta name=\"twitter:label1\" content=\"\u00c9crit par\" \/>\n\t<meta name=\"twitter:data1\" content=\"Servaville-mairie\" \/>\n\t<meta name=\"twitter:label2\" content=\"Dur\u00e9e de lecture estim\u00e9e\" \/>\n\t<meta name=\"twitter:data2\" content=\"1 minute\" \/>\n<script type=\"application\/ld+json\" class=\"yoast-schema-graph\">{\"@context\":\"https:\/\/schema.org\",\"@graph\":[{\"@type\":\"Article\",\"@id\":\"https:\/\/web.graphisme.pro\/Servaville\/la-mairie-est-illuminee\/#article\",\"isPartOf\":{\"@id\":\"https:\/\/web.graphisme.pro\/Servaville\/la-mairie-est-illuminee\/\"},\"author\":{\"name\":\"Servaville-mairie\",\"@id\":\"https:\/\/web.graphisme.pro\/Servaville\/#\/schema\/person\/2444496edd3f3b3eecc9a217d6c16ac0\"},\"headline\":\"La mairie est illumin\u00e9e !\",\"datePublished\":\"2021-12-17T06:37:37+00:00\",\"dateModified\":\"2021-12-17T06:37:38+00:00\",\"mainEntityOfPage\":{\"@id\":\"https:\/\/web.graphisme.pro\/Servaville\/la-mairie-est-illuminee\/\"},\"wordCount\":159,\"publisher\":{\"@id\":\"https:\/\/web.graphisme.pro\/Servaville\/#organization\"},\"image\":{\"@id\":\"https:\/\/web.graphisme.pro\/Servaville\/la-mairie-est-illuminee\/#primaryimage\"},\"thumbnailUrl\":\"https:\/\/web.graphisme.pro\/Servaville\/wp-content\/uploads\/2021\/12\/WhatsApp-Image-2021-12-11-at-15.51.36-1.jpeg\",\"articleSection\":[\"Actualit\u00e9s\"],\"inLanguage\":\"fr-FR\"},{\"@type\":\"WebPage\",\"@id\":\"https:\/\/web.graphisme.pro\/Servaville\/la-mairie-est-illuminee\/\",\"url\":\"https:\/\/web.graphisme.pro\/Servaville\/la-mairie-est-illuminee\/\",\"name\":\"La mairie est illumin\u00e9e ! - Mairie de Servaville-Salmonville\",\"isPartOf\":{\"@id\":\"https:\/\/web.graphisme.pro\/Servaville\/#website\"},\"primaryImageOfPage\":{\"@id\":\"https:\/\/web.graphisme.pro\/Servaville\/la-mairie-est-illuminee\/#primaryimage\"},\"image\":{\"@id\":\"https:\/\/web.graphisme.pro\/Servaville\/la-mairie-est-illuminee\/#primaryimage\"},\"thumbnailUrl\":\"https:\/\/web.graphisme.pro\/Servaville\/wp-content\/uploads\/2021\/12\/WhatsApp-Image-2021-12-11-at-15.51.36-1.jpeg\",\"datePublished\":\"2021-12-17T06:37:37+00:00\",\"dateModified\":\"2021-12-17T06:37:38+00:00\",\"breadcrumb\":{\"@id\":\"https:\/\/web.graphisme.pro\/Servaville\/la-mairie-est-illuminee\/#breadcrumb\"},\"inLanguage\":\"fr-FR\",\"potentialAction\":[{\"@type\":\"ReadAction\",\"target\":[\"https:\/\/web.graphisme.pro\/Servaville\/la-mairie-est-illuminee\/\"]}]},{\"@type\":\"ImageObject\",\"inLanguage\":\"fr-FR\",\"@id\":\"https:\/\/web.graphisme.pro\/Servaville\/la-mairie-est-illuminee\/#primaryimage\",\"url\":\"https:\/\/web.graphisme.pro\/Servaville\/wp-content\/uploads\/2021\/12\/WhatsApp-Image-2021-12-11-at-15.51.36-1.jpeg\",\"contentUrl\":\"https:\/\/web.graphisme.pro\/Servaville\/wp-content\/uploads\/2021\/12\/WhatsApp-Image-2021-12-11-at-15.51.36-1.jpeg\",\"width\":1024,\"height\":768},{\"@type\":\"BreadcrumbList\",\"@id\":\"https:\/\/web.graphisme.pro\/Servaville\/la-mairie-est-illuminee\/#breadcrumb\",\"itemListElement\":[{\"@type\":\"ListItem\",\"position\":1,\"name\":\"Accueil\",\"item\":\"https:\/\/web.graphisme.pro\/Servaville\/\"},{\"@type\":\"ListItem\",\"position\":2,\"name\":\"La mairie est illumin\u00e9e !\"}]},{\"@type\":\"WebSite\",\"@id\":\"https:\/\/web.graphisme.pro\/Servaville\/#website\",\"url\":\"https:\/\/web.graphisme.pro\/Servaville\/\",\"name\":\"Mairie de Servaville-Salmonville\",\"description\":\"Seine-Maritime Normandie\",\"publisher\":{\"@id\":\"https:\/\/web.graphisme.pro\/Servaville\/#organization\"},\"potentialAction\":[{\"@type\":\"SearchAction\",\"target\":{\"@type\":\"EntryPoint\",\"urlTemplate\":\"https:\/\/web.graphisme.pro\/Servaville\/?s={search_term_string}\"},\"query-input\":\"required name=search_term_string\"}],\"inLanguage\":\"fr-FR\"},{\"@type\":\"Organization\",\"@id\":\"https:\/\/web.graphisme.pro\/Servaville\/#organization\",\"name\":\"Mairie de Servaville-Salmonville\",\"url\":\"https:\/\/web.graphisme.pro\/Servaville\/\",\"logo\":{\"@type\":\"ImageObject\",\"inLanguage\":\"fr-FR\",\"@id\":\"https:\/\/web.graphisme.pro\/Servaville\/#\/schema\/logo\/image\/\",\"url\":\"https:\/\/web.graphisme.pro\/Servaville\/wp-content\/uploads\/2020\/08\/servaville_logo-e1598278648383.png\",\"contentUrl\":\"https:\/\/web.graphisme.pro\/Servaville\/wp-content\/uploads\/2020\/08\/servaville_logo-e1598278648383.png\",\"width\":300,\"height\":236,\"caption\":\"Mairie de Servaville-Salmonville\"},\"image\":{\"@id\":\"https:\/\/web.graphisme.pro\/Servaville\/#\/schema\/logo\/image\/\"},\"sameAs\":[\"https:\/\/fr.wikipedia.org\/wiki\/Servaville-Salmonville\"]},{\"@type\":\"Person\",\"@id\":\"https:\/\/web.graphisme.pro\/Servaville\/#\/schema\/person\/2444496edd3f3b3eecc9a217d6c16ac0\",\"name\":\"Servaville-mairie\",\"sameAs\":[\"https:\/\/web.graphisme.pro\/Servaville\"],\"url\":\"https:\/\/web.graphisme.pro\/Servaville\/author\/servaville-mairie\/\"}]}<\/script>\n<!-- \/ Yoast SEO plugin. -->","yoast_head_json":{"title":"La mairie est illumin\u00e9e ! - Mairie de Servaville-Salmonville","robots":{"index":"index","follow":"follow","max-snippet":"max-snippet:-1","max-image-preview":"max-image-preview:large","max-video-preview":"max-video-preview:-1"},"canonical":"https:\/\/web.graphisme.pro\/Servaville\/la-mairie-est-illuminee\/","og_locale":"fr_FR","og_type":"article","og_title":"La mairie est illumin\u00e9e ! - Mairie de Servaville-Salmonville","og_description":"A l\u2019approche de No\u00ebl, le CMJ a organis\u00e9 la d\u00e9coration et l\u2019illumination de la mairie. Vendredi 10 d\u00e9cembre, une centaine de Servavillais et Servavillaises ont r\u00e9pondu pr\u00e9sent \u00e0 l\u2019invitation des [&hellip;]","og_url":"https:\/\/web.graphisme.pro\/Servaville\/la-mairie-est-illuminee\/","og_site_name":"Mairie de Servaville-Salmonville","article_published_time":"2021-12-17T06:37:37+00:00","article_modified_time":"2021-12-17T06:37:38+00:00","og_image":[{"url":"https:\/\/web.graphisme.pro\/Servaville\/wp-content\/uploads\/2021\/12\/WhatsApp-Image-2021-12-11-at-15.51.36-1.jpeg"}],"author":"Servaville-mairie","twitter_card":"summary_large_image","twitter_misc":{"\u00c9crit par":"Servaville-mairie","Dur\u00e9e de lecture estim\u00e9e":"1 minute"},"schema":{"@context":"https:\/\/schema.org","@graph":[{"@type":"Article","@id":"https:\/\/web.graphisme.pro\/Servaville\/la-mairie-est-illuminee\/#article","isPartOf":{"@id":"https:\/\/web.graphisme.pro\/Servaville\/la-mairie-est-illuminee\/"},"author":{"name":"Servaville-mairie","@id":"https:\/\/web.graphisme.pro\/Servaville\/#\/schema\/person\/2444496edd3f3b3eecc9a217d6c16ac0"},"headline":"La mairie est illumin\u00e9e !","datePublished":"2021-12-17T06:37:37+00:00","dateModified":"2021-12-17T06:37:38+00:00","mainEntityOfPage":{"@id":"https:\/\/web.graphisme.pro\/Servaville\/la-mairie-est-illuminee\/"},"wordCount":159,"publisher":{"@id":"https:\/\/web.graphisme.pro\/Servaville\/#organization"},"image":{"@id":"https:\/\/web.graphisme.pro\/Servaville\/la-mairie-est-illuminee\/#primaryimage"},"thumbnailUrl":"https:\/\/web.graphisme.pro\/Servaville\/wp-content\/uploads\/2021\/12\/WhatsApp-Image-2021-12-11-at-15.51.36-1.jpeg","articleSection":["Actualit\u00e9s"],"inLanguage":"fr-FR"},{"@type":"WebPage","@id":"https:\/\/web.graphisme.pro\/Servaville\/la-mairie-est-illuminee\/","url":"https:\/\/web.graphisme.pro\/Servaville\/la-mairie-est-illuminee\/","name":"La mairie est illumin\u00e9e ! - Mairie de Servaville-Salmonville","isPartOf":{"@id":"https:\/\/web.graphisme.pro\/Servaville\/#website"},"primaryImageOfPage":{"@id":"https:\/\/web.graphisme.pro\/Servaville\/la-mairie-est-illuminee\/#primaryimage"},"image":{"@id":"https:\/\/web.graphisme.pro\/Servaville\/la-mairie-est-illuminee\/#primaryimage"},"thumbnailUrl":"https:\/\/web.graphisme.pro\/Servaville\/wp-content\/uploads\/2021\/12\/WhatsApp-Image-2021-12-11-at-15.51.36-1.jpeg","datePublished":"2021-12-17T06:37:37+00:00","dateModified":"2021-12-17T06:37:38+00:00","breadcrumb":{"@id":"https:\/\/web.graphisme.pro\/Servaville\/la-mairie-est-illuminee\/#breadcrumb"},"inLanguage":"fr-FR","potentialAction":[{"@type":"ReadAction","target":["https:\/\/web.graphisme.pro\/Servaville\/la-mairie-est-illuminee\/"]}]},{"@type":"ImageObject","inLanguage":"fr-FR","@id":"https:\/\/web.graphisme.pro\/Servaville\/la-mairie-est-illuminee\/#primaryimage","url":"https:\/\/web.graphisme.pro\/Servaville\/wp-content\/uploads\/2021\/12\/WhatsApp-Image-2021-12-11-at-15.51.36-1.jpeg","contentUrl":"https:\/\/web.graphisme.pro\/Servaville\/wp-content\/uploads\/2021\/12\/WhatsApp-Image-2021-12-11-at-15.51.36-1.jpeg","width":1024,"height":768},{"@type":"BreadcrumbList","@id":"https:\/\/web.graphisme.pro\/Servaville\/la-mairie-est-illuminee\/#breadcrumb","itemListElement":[{"@type":"ListItem","position":1,"name":"Accueil","item":"https:\/\/web.graphisme.pro\/Servaville\/"},{"@type":"ListItem","position":2,"name":"La mairie est illumin\u00e9e !"}]},{"@type":"WebSite","@id":"https:\/\/web.graphisme.pro\/Servaville\/#website","url":"https:\/\/web.graphisme.pro\/Servaville\/","name":"Mairie de Servaville-Salmonville","description":"Seine-Maritime Normandie","publisher":{"@id":"https:\/\/web.graphisme.pro\/Servaville\/#organization"},"potentialAction":[{"@type":"SearchAction","target":{"@type":"EntryPoint","urlTemplate":"https:\/\/web.graphisme.pro\/Servaville\/?s={search_term_string}"},"query-input":"required name=search_term_string"}],"inLanguage":"fr-FR"},{"@type":"Organization","@id":"https:\/\/web.graphisme.pro\/Servaville\/#organization","name":"Mairie de Servaville-Salmonville","url":"https:\/\/web.graphisme.pro\/Servaville\/","logo":{"@type":"ImageObject","inLanguage":"fr-FR","@id":"https:\/\/web.graphisme.pro\/Servaville\/#\/schema\/logo\/image\/","url":"https:\/\/web.graphisme.pro\/Servaville\/wp-content\/uploads\/2020\/08\/servaville_logo-e1598278648383.png","contentUrl":"https:\/\/web.graphisme.pro\/Servaville\/wp-content\/uploads\/2020\/08\/servaville_logo-e1598278648383.png","width":300,"height":236,"caption":"Mairie de Servaville-Salmonville"},"image":{"@id":"https:\/\/web.graphisme.pro\/Servaville\/#\/schema\/logo\/image\/"},"sameAs":["https:\/\/fr.wikipedia.org\/wiki\/Servaville-Salmonville"]},{"@type":"Person","@id":"https:\/\/web.graphisme.pro\/Servaville\/#\/schema\/person\/2444496edd3f3b3eecc9a217d6c16ac0","name":"Servaville-mairie","sameAs":["https:\/\/web.graphisme.pro\/Servaville"],"url":"https:\/\/web.graphisme.pro\/Servaville\/author\/servaville-mairie\/"}]}},"_links":{"self":[{"href":"https:\/\/web.graphisme.pro\/Servaville\/wp-json\/wp\/v2\/posts\/1636"}],"collection":[{"href":"https:\/\/web.graphisme.pro\/Servaville\/wp-json\/wp\/v2\/posts"}],"about":[{"href":"https:\/\/web.graphisme.pro\/Servaville\/wp-json\/wp\/v2\/types\/post"}],"author":[{"embeddable":true,"href":"https:\/\/web.graphisme.pro\/Servaville\/wp-json\/wp\/v2\/users\/1"}],"replies":[{"embeddable":true,"href":"https:\/\/web.graphisme.pro\/Servaville\/wp-json\/wp\/v2\/comments?post=1636"}],"version-history":[{"count":2,"href":"https:\/\/web.graphisme.pro\/Servaville\/wp-json\/wp\/v2\/posts\/1636\/revisions"}],"predecessor-version":[{"id":1640,"href":"https:\/\/web.graphisme.pro\/Servaville\/wp-json\/wp\/v2\/posts\/1636\/revisions\/1640"}],"wp:attachment":[{"href":"https:\/\/web.graphisme.pro\/Servaville\/wp-json\/wp\/v2\/media?parent=1636"}],"wp:term":[{"taxonomy":"category","embeddable":true,"href":"https:\/\/web.graphisme.pro\/Servaville\/wp-json\/wp\/v2\/categories?post=1636"},{"taxonomy":"post_tag","embeddable":true,"href":"https:\/\/web.graphisme.pro\/Servaville\/wp-json\/wp\/v2\/tags?post=1636"}],"curies":[{"name":"wp","href":"https:\/\/api.w.org\/{rel}","templated":true}]}}