{"id":1597,"date":"2021-11-20T14:08:48","date_gmt":"2021-11-20T13:08:48","guid":{"rendered":"https:\/\/web.graphisme.pro\/Servaville\/?p=1597"},"modified":"2021-11-20T14:20:05","modified_gmt":"2021-11-20T13:20:05","slug":"soiree-telethon-a-servaville-salmonville","status":"publish","type":"post","link":"https:\/\/web.graphisme.pro\/Servaville\/soiree-telethon-a-servaville-salmonville\/","title":{"rendered":"Soir\u00e9e T\u00e9l\u00e9thon \u00e0 Servaville-Salmonville"},"content":{"rendered":"<p style=\"text-align: center;\"><span style=\"font-size: 16.0pt; font-family: 'Arial',sans-serif;\"><strong><span style=\"font-family: 'Arial',sans-serif;\"><img loading=\"lazy\" decoding=\"async\" class=\"alignleft  wp-image-1602\" src=\"https:\/\/web.graphisme.pro\/Servaville\/wp-content\/uploads\/2021\/11\/telethon-2021-212x300.jpg\" alt=\"\" width=\"316\" height=\"447\" \/>VENDREDI 3 DECEMBRE 2021 \u00e0 20h30<\/span><\/strong><br \/>\n<\/span><span style=\"font-size: 13.0pt; font-family: 'Arial',sans-serif;\">\u00e0 la salle polyvalente, l&rsquo;ASCSS avec le soutien du CMJ, vous propose une soir\u00e9e anim\u00e9e en deux parties par :<\/span><\/p>\n<p style=\"text-align: center;\" align=\"center\"><em><b><span style=\"font-size: 16.0pt; font-family: 'Arial',sans-serif; color: #fb3f22;\">la chorale \u00ab\u00a0INTER-VAL\u00a0<\/span><\/b><\/em><\/p>\n<p style=\"text-align: center;\" align=\"center\"><em><b><span style=\"font-size: 16.0pt; font-family: 'Arial',sans-serif; color: #fb3f22;\">et INTERLUDE JAZZ BAND<\/span><\/b><\/em><\/p>\n<p style=\"text-align: center;\"><em><span style=\"font-size: 13.0pt; font-family: 'Arial',sans-serif;\">La chorale \u00ab\u00a0INTER-VAL\u00a0\u00bb de Martainville dirig\u00e9e par Violaine LONGUEVILLE, nous pr\u00e9sentera des musiques de film.<\/span><\/em><\/p>\n<p style=\"text-align: center;\"><em><span style=\"font-size: 13.0pt; font-family: 'Arial',sans-serif;\">INTERLUDE Jazz Band n\u00e9 en 1996 dans le cadre de l\u2019\u00e9cole de musique de Pr\u00e9aux \u2013 Servaville est compos\u00e9 de 6 musiciens passionn\u00e9s de Jazz. Le r\u00e9pertoire du groupe se r\u00e9f\u00e8re principalement \u00e0 la p\u00e9riode dite \u00ab swing \u00bb tout en rendant hommage \u00e0 des compositeurs Fran\u00e7ais, comme par exemple Boris Vian, Claude Nougaro, Henri Salvador\u2026<\/span><\/em><\/p>\n<p style=\"text-align: center;\"><strong><span style=\"font-size: 13.0pt; font-family: 'Arial',sans-serif;\">Les b\u00e9n\u00e9fices de cette soir\u00e9e seront int\u00e9gralement revers\u00e9s au t\u00e9l\u00e9thon.<br \/>\n<\/span><\/strong><strong><span style=\"font-size: 13.0pt; font-family: 'Arial',sans-serif;\">Entr\u00e9e : 5 euros \u2013 buvette \u2013 g\u00e2teaux<\/span><\/strong><\/p>\n<p style=\"text-align: center;\"><strong><span style=\"font-size: 13.0pt; font-family: 'Arial',sans-serif;\">R\u00e9servations 06 76 87 24 92 ou <a href=\"mailto:ascsservaville@gmail.com\">ascsservaville@gmail.com<\/a><br \/>\n<\/span><\/strong><strong><span style=\"font-size: 13.0pt; font-family: 'Arial',sans-serif;\">Passe sanitaire obligatoire<\/span><\/strong><\/p>\n","protected":false},"excerpt":{"rendered":"<p>VENDREDI 3 DECEMBRE 2021 \u00e0 20h30 \u00e0 la salle polyvalente, l&rsquo;ASCSS avec le soutien du CMJ, vous propose une soir\u00e9e anim\u00e9e en deux parties par : la chorale \u00ab\u00a0INTER-VAL\u00a0 et [&hellip;]<\/p>\n","protected":false},"author":3,"featured_media":0,"comment_status":"closed","ping_status":"closed","sticky":false,"template":"","format":"standard","meta":{"_EventAllDay":false,"_EventTimezone":"","_EventStartDate":"","_EventEndDate":"","_EventStartDateUTC":"","_EventEndDateUTC":"","_EventShowMap":false,"_EventShowMapLink":false,"_EventURL":"","_EventCost":"","_EventCostDescription":"","_EventCurrencySymbol":"","_EventCurrencyCode":"","_EventCurrencyPosition":"","_EventDateTimeSeparator":"","_EventTimeRangeSeparator":"","_EventOrganizerID":[],"_EventVenueID":[],"_OrganizerEmail":"","_OrganizerPhone":"","_OrganizerWebsite":"","_VenueAddress":"","_VenueCity":"","_VenueCountry":"","_VenueProvince":"","_VenueState":"","_VenueZip":"","_VenuePhone":"","_VenueURL":"","_VenueStateProvince":"","_VenueLat":"","_VenueLng":"","_VenueShowMap":false,"_VenueShowMapLink":false,"footnotes":""},"categories":[1],"tags":[],"yoast_head":"<!-- This site is optimized with the Yoast SEO plugin v22.6 - https:\/\/yoast.com\/wordpress\/plugins\/seo\/ -->\n<title>Soir\u00e9e T\u00e9l\u00e9thon \u00e0 Servaville-Salmonville - Mairie de Servaville-Salmonville<\/title>\n<meta name=\"robots\" content=\"index, follow, max-snippet:-1, max-image-preview:large, max-video-preview:-1\" \/>\n<link rel=\"canonical\" href=\"https:\/\/web.graphisme.pro\/Servaville\/soiree-telethon-a-servaville-salmonville\/\" \/>\n<meta property=\"og:locale\" content=\"fr_FR\" \/>\n<meta property=\"og:type\" content=\"article\" \/>\n<meta property=\"og:title\" content=\"Soir\u00e9e T\u00e9l\u00e9thon \u00e0 Servaville-Salmonville - Mairie de Servaville-Salmonville\" \/>\n<meta property=\"og:description\" content=\"VENDREDI 3 DECEMBRE 2021 \u00e0 20h30 \u00e0 la salle polyvalente, l&rsquo;ASCSS avec le soutien du CMJ, vous propose une soir\u00e9e anim\u00e9e en deux parties par : la chorale \u00ab\u00a0INTER-VAL\u00a0 et [&hellip;]\" \/>\n<meta property=\"og:url\" content=\"https:\/\/web.graphisme.pro\/Servaville\/soiree-telethon-a-servaville-salmonville\/\" \/>\n<meta property=\"og:site_name\" content=\"Mairie de Servaville-Salmonville\" \/>\n<meta property=\"article:published_time\" content=\"2021-11-20T13:08:48+00:00\" \/>\n<meta property=\"article:modified_time\" content=\"2021-11-20T13:20:05+00:00\" \/>\n<meta property=\"og:image\" content=\"https:\/\/web.graphisme.pro\/Servaville\/wp-content\/uploads\/2021\/11\/telethon-2021-212x300.jpg\" \/>\n<meta name=\"author\" content=\"Philippe Lemaitre\" \/>\n<meta name=\"twitter:card\" content=\"summary_large_image\" \/>\n<meta name=\"twitter:label1\" content=\"\u00c9crit par\" \/>\n\t<meta name=\"twitter:data1\" content=\"Philippe Lemaitre\" \/>\n\t<meta name=\"twitter:label2\" content=\"Dur\u00e9e de lecture estim\u00e9e\" \/>\n\t<meta name=\"twitter:data2\" content=\"1 minute\" \/>\n<script type=\"application\/ld+json\" class=\"yoast-schema-graph\">{\"@context\":\"https:\/\/schema.org\",\"@graph\":[{\"@type\":\"Article\",\"@id\":\"https:\/\/web.graphisme.pro\/Servaville\/soiree-telethon-a-servaville-salmonville\/#article\",\"isPartOf\":{\"@id\":\"https:\/\/web.graphisme.pro\/Servaville\/soiree-telethon-a-servaville-salmonville\/\"},\"author\":{\"name\":\"Philippe Lemaitre\",\"@id\":\"https:\/\/web.graphisme.pro\/Servaville\/#\/schema\/person\/2b4b2c756e32a8c40393d8da15ca2211\"},\"headline\":\"Soir\u00e9e T\u00e9l\u00e9thon \u00e0 Servaville-Salmonville\",\"datePublished\":\"2021-11-20T13:08:48+00:00\",\"dateModified\":\"2021-11-20T13:20:05+00:00\",\"mainEntityOfPage\":{\"@id\":\"https:\/\/web.graphisme.pro\/Servaville\/soiree-telethon-a-servaville-salmonville\/\"},\"wordCount\":143,\"publisher\":{\"@id\":\"https:\/\/web.graphisme.pro\/Servaville\/#organization\"},\"image\":{\"@id\":\"https:\/\/web.graphisme.pro\/Servaville\/soiree-telethon-a-servaville-salmonville\/#primaryimage\"},\"thumbnailUrl\":\"https:\/\/web.graphisme.pro\/Servaville\/wp-content\/uploads\/2021\/11\/telethon-2021-212x300.jpg\",\"articleSection\":[\"Actualit\u00e9s\"],\"inLanguage\":\"fr-FR\"},{\"@type\":\"WebPage\",\"@id\":\"https:\/\/web.graphisme.pro\/Servaville\/soiree-telethon-a-servaville-salmonville\/\",\"url\":\"https:\/\/web.graphisme.pro\/Servaville\/soiree-telethon-a-servaville-salmonville\/\",\"name\":\"Soir\u00e9e T\u00e9l\u00e9thon \u00e0 Servaville-Salmonville - Mairie de Servaville-Salmonville\",\"isPartOf\":{\"@id\":\"https:\/\/web.graphisme.pro\/Servaville\/#website\"},\"primaryImageOfPage\":{\"@id\":\"https:\/\/web.graphisme.pro\/Servaville\/soiree-telethon-a-servaville-salmonville\/#primaryimage\"},\"image\":{\"@id\":\"https:\/\/web.graphisme.pro\/Servaville\/soiree-telethon-a-servaville-salmonville\/#primaryimage\"},\"thumbnailUrl\":\"https:\/\/web.graphisme.pro\/Servaville\/wp-content\/uploads\/2021\/11\/telethon-2021-212x300.jpg\",\"datePublished\":\"2021-11-20T13:08:48+00:00\",\"dateModified\":\"2021-11-20T13:20:05+00:00\",\"breadcrumb\":{\"@id\":\"https:\/\/web.graphisme.pro\/Servaville\/soiree-telethon-a-servaville-salmonville\/#breadcrumb\"},\"inLanguage\":\"fr-FR\",\"potentialAction\":[{\"@type\":\"ReadAction\",\"target\":[\"https:\/\/web.graphisme.pro\/Servaville\/soiree-telethon-a-servaville-salmonville\/\"]}]},{\"@type\":\"ImageObject\",\"inLanguage\":\"fr-FR\",\"@id\":\"https:\/\/web.graphisme.pro\/Servaville\/soiree-telethon-a-servaville-salmonville\/#primaryimage\",\"url\":\"https:\/\/web.graphisme.pro\/Servaville\/wp-content\/uploads\/2021\/11\/telethon-2021-212x300.jpg\",\"contentUrl\":\"https:\/\/web.graphisme.pro\/Servaville\/wp-content\/uploads\/2021\/11\/telethon-2021-212x300.jpg\"},{\"@type\":\"BreadcrumbList\",\"@id\":\"https:\/\/web.graphisme.pro\/Servaville\/soiree-telethon-a-servaville-salmonville\/#breadcrumb\",\"itemListElement\":[{\"@type\":\"ListItem\",\"position\":1,\"name\":\"Accueil\",\"item\":\"https:\/\/web.graphisme.pro\/Servaville\/\"},{\"@type\":\"ListItem\",\"position\":2,\"name\":\"Soir\u00e9e T\u00e9l\u00e9thon \u00e0 Servaville-Salmonville\"}]},{\"@type\":\"WebSite\",\"@id\":\"https:\/\/web.graphisme.pro\/Servaville\/#website\",\"url\":\"https:\/\/web.graphisme.pro\/Servaville\/\",\"name\":\"Mairie de Servaville-Salmonville\",\"description\":\"Seine-Maritime Normandie\",\"publisher\":{\"@id\":\"https:\/\/web.graphisme.pro\/Servaville\/#organization\"},\"potentialAction\":[{\"@type\":\"SearchAction\",\"target\":{\"@type\":\"EntryPoint\",\"urlTemplate\":\"https:\/\/web.graphisme.pro\/Servaville\/?s={search_term_string}\"},\"query-input\":\"required name=search_term_string\"}],\"inLanguage\":\"fr-FR\"},{\"@type\":\"Organization\",\"@id\":\"https:\/\/web.graphisme.pro\/Servaville\/#organization\",\"name\":\"Mairie de Servaville-Salmonville\",\"url\":\"https:\/\/web.graphisme.pro\/Servaville\/\",\"logo\":{\"@type\":\"ImageObject\",\"inLanguage\":\"fr-FR\",\"@id\":\"https:\/\/web.graphisme.pro\/Servaville\/#\/schema\/logo\/image\/\",\"url\":\"https:\/\/web.graphisme.pro\/Servaville\/wp-content\/uploads\/2020\/08\/servaville_logo-e1598278648383.png\",\"contentUrl\":\"https:\/\/web.graphisme.pro\/Servaville\/wp-content\/uploads\/2020\/08\/servaville_logo-e1598278648383.png\",\"width\":300,\"height\":236,\"caption\":\"Mairie de Servaville-Salmonville\"},\"image\":{\"@id\":\"https:\/\/web.graphisme.pro\/Servaville\/#\/schema\/logo\/image\/\"},\"sameAs\":[\"https:\/\/fr.wikipedia.org\/wiki\/Servaville-Salmonville\"]},{\"@type\":\"Person\",\"@id\":\"https:\/\/web.graphisme.pro\/Servaville\/#\/schema\/person\/2b4b2c756e32a8c40393d8da15ca2211\",\"name\":\"Philippe Lemaitre\",\"url\":\"https:\/\/web.graphisme.pro\/Servaville\/author\/ph-lemaitre\/\"}]}<\/script>\n<!-- \/ Yoast SEO plugin. -->","yoast_head_json":{"title":"Soir\u00e9e T\u00e9l\u00e9thon \u00e0 Servaville-Salmonville - Mairie de Servaville-Salmonville","robots":{"index":"index","follow":"follow","max-snippet":"max-snippet:-1","max-image-preview":"max-image-preview:large","max-video-preview":"max-video-preview:-1"},"canonical":"https:\/\/web.graphisme.pro\/Servaville\/soiree-telethon-a-servaville-salmonville\/","og_locale":"fr_FR","og_type":"article","og_title":"Soir\u00e9e T\u00e9l\u00e9thon \u00e0 Servaville-Salmonville - Mairie de Servaville-Salmonville","og_description":"VENDREDI 3 DECEMBRE 2021 \u00e0 20h30 \u00e0 la salle polyvalente, l&rsquo;ASCSS avec le soutien du CMJ, vous propose une soir\u00e9e anim\u00e9e en deux parties par : la chorale \u00ab\u00a0INTER-VAL\u00a0 et [&hellip;]","og_url":"https:\/\/web.graphisme.pro\/Servaville\/soiree-telethon-a-servaville-salmonville\/","og_site_name":"Mairie de Servaville-Salmonville","article_published_time":"2021-11-20T13:08:48+00:00","article_modified_time":"2021-11-20T13:20:05+00:00","og_image":[{"url":"https:\/\/web.graphisme.pro\/Servaville\/wp-content\/uploads\/2021\/11\/telethon-2021-212x300.jpg"}],"author":"Philippe Lemaitre","twitter_card":"summary_large_image","twitter_misc":{"\u00c9crit par":"Philippe Lemaitre","Dur\u00e9e de lecture estim\u00e9e":"1 minute"},"schema":{"@context":"https:\/\/schema.org","@graph":[{"@type":"Article","@id":"https:\/\/web.graphisme.pro\/Servaville\/soiree-telethon-a-servaville-salmonville\/#article","isPartOf":{"@id":"https:\/\/web.graphisme.pro\/Servaville\/soiree-telethon-a-servaville-salmonville\/"},"author":{"name":"Philippe Lemaitre","@id":"https:\/\/web.graphisme.pro\/Servaville\/#\/schema\/person\/2b4b2c756e32a8c40393d8da15ca2211"},"headline":"Soir\u00e9e T\u00e9l\u00e9thon \u00e0 Servaville-Salmonville","datePublished":"2021-11-20T13:08:48+00:00","dateModified":"2021-11-20T13:20:05+00:00","mainEntityOfPage":{"@id":"https:\/\/web.graphisme.pro\/Servaville\/soiree-telethon-a-servaville-salmonville\/"},"wordCount":143,"publisher":{"@id":"https:\/\/web.graphisme.pro\/Servaville\/#organization"},"image":{"@id":"https:\/\/web.graphisme.pro\/Servaville\/soiree-telethon-a-servaville-salmonville\/#primaryimage"},"thumbnailUrl":"https:\/\/web.graphisme.pro\/Servaville\/wp-content\/uploads\/2021\/11\/telethon-2021-212x300.jpg","articleSection":["Actualit\u00e9s"],"inLanguage":"fr-FR"},{"@type":"WebPage","@id":"https:\/\/web.graphisme.pro\/Servaville\/soiree-telethon-a-servaville-salmonville\/","url":"https:\/\/web.graphisme.pro\/Servaville\/soiree-telethon-a-servaville-salmonville\/","name":"Soir\u00e9e T\u00e9l\u00e9thon \u00e0 Servaville-Salmonville - Mairie de Servaville-Salmonville","isPartOf":{"@id":"https:\/\/web.graphisme.pro\/Servaville\/#website"},"primaryImageOfPage":{"@id":"https:\/\/web.graphisme.pro\/Servaville\/soiree-telethon-a-servaville-salmonville\/#primaryimage"},"image":{"@id":"https:\/\/web.graphisme.pro\/Servaville\/soiree-telethon-a-servaville-salmonville\/#primaryimage"},"thumbnailUrl":"https:\/\/web.graphisme.pro\/Servaville\/wp-content\/uploads\/2021\/11\/telethon-2021-212x300.jpg","datePublished":"2021-11-20T13:08:48+00:00","dateModified":"2021-11-20T13:20:05+00:00","breadcrumb":{"@id":"https:\/\/web.graphisme.pro\/Servaville\/soiree-telethon-a-servaville-salmonville\/#breadcrumb"},"inLanguage":"fr-FR","potentialAction":[{"@type":"ReadAction","target":["https:\/\/web.graphisme.pro\/Servaville\/soiree-telethon-a-servaville-salmonville\/"]}]},{"@type":"ImageObject","inLanguage":"fr-FR","@id":"https:\/\/web.graphisme.pro\/Servaville\/soiree-telethon-a-servaville-salmonville\/#primaryimage","url":"https:\/\/web.graphisme.pro\/Servaville\/wp-content\/uploads\/2021\/11\/telethon-2021-212x300.jpg","contentUrl":"https:\/\/web.graphisme.pro\/Servaville\/wp-content\/uploads\/2021\/11\/telethon-2021-212x300.jpg"},{"@type":"BreadcrumbList","@id":"https:\/\/web.graphisme.pro\/Servaville\/soiree-telethon-a-servaville-salmonville\/#breadcrumb","itemListElement":[{"@type":"ListItem","position":1,"name":"Accueil","item":"https:\/\/web.graphisme.pro\/Servaville\/"},{"@type":"ListItem","position":2,"name":"Soir\u00e9e T\u00e9l\u00e9thon \u00e0 Servaville-Salmonville"}]},{"@type":"WebSite","@id":"https:\/\/web.graphisme.pro\/Servaville\/#website","url":"https:\/\/web.graphisme.pro\/Servaville\/","name":"Mairie de Servaville-Salmonville","description":"Seine-Maritime Normandie","publisher":{"@id":"https:\/\/web.graphisme.pro\/Servaville\/#organization"},"potentialAction":[{"@type":"SearchAction","target":{"@type":"EntryPoint","urlTemplate":"https:\/\/web.graphisme.pro\/Servaville\/?s={search_term_string}"},"query-input":"required name=search_term_string"}],"inLanguage":"fr-FR"},{"@type":"Organization","@id":"https:\/\/web.graphisme.pro\/Servaville\/#organization","name":"Mairie de Servaville-Salmonville","url":"https:\/\/web.graphisme.pro\/Servaville\/","logo":{"@type":"ImageObject","inLanguage":"fr-FR","@id":"https:\/\/web.graphisme.pro\/Servaville\/#\/schema\/logo\/image\/","url":"https:\/\/web.graphisme.pro\/Servaville\/wp-content\/uploads\/2020\/08\/servaville_logo-e1598278648383.png","contentUrl":"https:\/\/web.graphisme.pro\/Servaville\/wp-content\/uploads\/2020\/08\/servaville_logo-e1598278648383.png","width":300,"height":236,"caption":"Mairie de Servaville-Salmonville"},"image":{"@id":"https:\/\/web.graphisme.pro\/Servaville\/#\/schema\/logo\/image\/"},"sameAs":["https:\/\/fr.wikipedia.org\/wiki\/Servaville-Salmonville"]},{"@type":"Person","@id":"https:\/\/web.graphisme.pro\/Servaville\/#\/schema\/person\/2b4b2c756e32a8c40393d8da15ca2211","name":"Philippe Lemaitre","url":"https:\/\/web.graphisme.pro\/Servaville\/author\/ph-lemaitre\/"}]}},"_links":{"self":[{"href":"https:\/\/web.graphisme.pro\/Servaville\/wp-json\/wp\/v2\/posts\/1597"}],"collection":[{"href":"https:\/\/web.graphisme.pro\/Servaville\/wp-json\/wp\/v2\/posts"}],"about":[{"href":"https:\/\/web.graphisme.pro\/Servaville\/wp-json\/wp\/v2\/types\/post"}],"author":[{"embeddable":true,"href":"https:\/\/web.graphisme.pro\/Servaville\/wp-json\/wp\/v2\/users\/3"}],"replies":[{"embeddable":true,"href":"https:\/\/web.graphisme.pro\/Servaville\/wp-json\/wp\/v2\/comments?post=1597"}],"version-history":[{"count":4,"href":"https:\/\/web.graphisme.pro\/Servaville\/wp-json\/wp\/v2\/posts\/1597\/revisions"}],"predecessor-version":[{"id":1604,"href":"https:\/\/web.graphisme.pro\/Servaville\/wp-json\/wp\/v2\/posts\/1597\/revisions\/1604"}],"wp:attachment":[{"href":"https:\/\/web.graphisme.pro\/Servaville\/wp-json\/wp\/v2\/media?parent=1597"}],"wp:term":[{"taxonomy":"category","embeddable":true,"href":"https:\/\/web.graphisme.pro\/Servaville\/wp-json\/wp\/v2\/categories?post=1597"},{"taxonomy":"post_tag","embeddable":true,"href":"https:\/\/web.graphisme.pro\/Servaville\/wp-json\/wp\/v2\/tags?post=1597"}],"curies":[{"name":"wp","href":"https:\/\/api.w.org\/{rel}","templated":true}]}}