{"id":1523,"date":"2021-09-21T07:47:12","date_gmt":"2021-09-21T05:47:12","guid":{"rendered":"https:\/\/web.graphisme.pro\/Servaville\/?p=1523"},"modified":"2021-09-21T07:50:20","modified_gmt":"2021-09-21T05:50:20","slug":"les-ateliers-village-de-la-d-m-r","status":"publish","type":"post","link":"https:\/\/web.graphisme.pro\/Servaville\/les-ateliers-village-de-la-d-m-r\/","title":{"rendered":"Les Ateliers Vill&rsquo;\u00c2ge de l&rsquo;A.D.M.R"},"content":{"rendered":"<p>L&rsquo;ADMR, association proposant des services d&rsquo;aide \u00e0 domicile, programme une s\u00e9rie d\u2019ateliers gratuits autour de la pr\u00e9vention de la perte d\u2019autonomie apr\u00e8s 60 ans. \u00a0<\/p>\n<p style=\"text-align: center;\">\u00a0 \u00a0<a href=\"https:\/\/web.graphisme.pro\/Servaville\/wp-content\/uploads\/2021\/09\/Ateliers-village-ADMR-2021.pdf\" target=\"_blank\" rel=\"noopener\">Le programme 2021 des \u00ab\u00a0Ateliers Vill&rsquo;\u00c2ge\u00a0\u00bb<\/a><\/p>\n\n\n<p><\/p>\n","protected":false},"excerpt":{"rendered":"<p>L&rsquo;ADMR, association proposant des services d&rsquo;aide \u00e0 domicile, programme une s\u00e9rie d\u2019ateliers gratuits autour de la pr\u00e9vention de la perte d\u2019autonomie apr\u00e8s 60 ans. \u00a0 \u00a0 \u00a0Le programme 2021 des [&hellip;]<\/p>\n","protected":false},"author":3,"featured_media":0,"comment_status":"closed","ping_status":"closed","sticky":false,"template":"","format":"standard","meta":{"_EventAllDay":false,"_EventTimezone":"","_EventStartDate":"","_EventEndDate":"","_EventStartDateUTC":"","_EventEndDateUTC":"","_EventShowMap":false,"_EventShowMapLink":false,"_EventURL":"","_EventCost":"","_EventCostDescription":"","_EventCurrencySymbol":"","_EventCurrencyCode":"","_EventCurrencyPosition":"","_EventDateTimeSeparator":"","_EventTimeRangeSeparator":"","_EventOrganizerID":[],"_EventVenueID":[],"_OrganizerEmail":"","_OrganizerPhone":"","_OrganizerWebsite":"","_VenueAddress":"","_VenueCity":"","_VenueCountry":"","_VenueProvince":"","_VenueState":"","_VenueZip":"","_VenuePhone":"","_VenueURL":"","_VenueStateProvince":"","_VenueLat":"","_VenueLng":"","_VenueShowMap":false,"_VenueShowMapLink":false,"footnotes":""},"categories":[1],"tags":[],"yoast_head":"<!-- This site is optimized with the Yoast SEO plugin v22.6 - https:\/\/yoast.com\/wordpress\/plugins\/seo\/ -->\n<title>Les Ateliers Vill&#039;\u00c2ge de l&#039;A.D.M.R - Mairie de Servaville-Salmonville<\/title>\n<meta name=\"robots\" content=\"index, follow, max-snippet:-1, max-image-preview:large, max-video-preview:-1\" \/>\n<link rel=\"canonical\" href=\"https:\/\/web.graphisme.pro\/Servaville\/les-ateliers-village-de-la-d-m-r\/\" \/>\n<meta property=\"og:locale\" content=\"fr_FR\" \/>\n<meta property=\"og:type\" content=\"article\" \/>\n<meta property=\"og:title\" content=\"Les Ateliers Vill&#039;\u00c2ge de l&#039;A.D.M.R - Mairie de Servaville-Salmonville\" \/>\n<meta property=\"og:description\" content=\"L&rsquo;ADMR, association proposant des services d&rsquo;aide \u00e0 domicile, programme une s\u00e9rie d\u2019ateliers gratuits autour de la pr\u00e9vention de la perte d\u2019autonomie apr\u00e8s 60 ans. \u00a0 \u00a0 \u00a0Le programme 2021 des [&hellip;]\" \/>\n<meta property=\"og:url\" content=\"https:\/\/web.graphisme.pro\/Servaville\/les-ateliers-village-de-la-d-m-r\/\" \/>\n<meta property=\"og:site_name\" content=\"Mairie de Servaville-Salmonville\" \/>\n<meta property=\"article:published_time\" content=\"2021-09-21T05:47:12+00:00\" \/>\n<meta property=\"article:modified_time\" content=\"2021-09-21T05:50:20+00:00\" \/>\n<meta name=\"author\" content=\"Philippe Lemaitre\" \/>\n<meta name=\"twitter:card\" content=\"summary_large_image\" \/>\n<meta name=\"twitter:label1\" content=\"\u00c9crit par\" \/>\n\t<meta name=\"twitter:data1\" content=\"Philippe Lemaitre\" \/>\n\t<meta name=\"twitter:label2\" content=\"Dur\u00e9e de lecture estim\u00e9e\" \/>\n\t<meta name=\"twitter:data2\" content=\"1 minute\" \/>\n<script type=\"application\/ld+json\" class=\"yoast-schema-graph\">{\"@context\":\"https:\/\/schema.org\",\"@graph\":[{\"@type\":\"Article\",\"@id\":\"https:\/\/web.graphisme.pro\/Servaville\/les-ateliers-village-de-la-d-m-r\/#article\",\"isPartOf\":{\"@id\":\"https:\/\/web.graphisme.pro\/Servaville\/les-ateliers-village-de-la-d-m-r\/\"},\"author\":{\"name\":\"Philippe Lemaitre\",\"@id\":\"https:\/\/web.graphisme.pro\/Servaville\/#\/schema\/person\/2b4b2c756e32a8c40393d8da15ca2211\"},\"headline\":\"Les Ateliers Vill&rsquo;\u00c2ge de l&rsquo;A.D.M.R\",\"datePublished\":\"2021-09-21T05:47:12+00:00\",\"dateModified\":\"2021-09-21T05:50:20+00:00\",\"mainEntityOfPage\":{\"@id\":\"https:\/\/web.graphisme.pro\/Servaville\/les-ateliers-village-de-la-d-m-r\/\"},\"wordCount\":45,\"publisher\":{\"@id\":\"https:\/\/web.graphisme.pro\/Servaville\/#organization\"},\"articleSection\":[\"Actualit\u00e9s\"],\"inLanguage\":\"fr-FR\"},{\"@type\":\"WebPage\",\"@id\":\"https:\/\/web.graphisme.pro\/Servaville\/les-ateliers-village-de-la-d-m-r\/\",\"url\":\"https:\/\/web.graphisme.pro\/Servaville\/les-ateliers-village-de-la-d-m-r\/\",\"name\":\"Les Ateliers Vill'\u00c2ge de l'A.D.M.R - Mairie de Servaville-Salmonville\",\"isPartOf\":{\"@id\":\"https:\/\/web.graphisme.pro\/Servaville\/#website\"},\"datePublished\":\"2021-09-21T05:47:12+00:00\",\"dateModified\":\"2021-09-21T05:50:20+00:00\",\"breadcrumb\":{\"@id\":\"https:\/\/web.graphisme.pro\/Servaville\/les-ateliers-village-de-la-d-m-r\/#breadcrumb\"},\"inLanguage\":\"fr-FR\",\"potentialAction\":[{\"@type\":\"ReadAction\",\"target\":[\"https:\/\/web.graphisme.pro\/Servaville\/les-ateliers-village-de-la-d-m-r\/\"]}]},{\"@type\":\"BreadcrumbList\",\"@id\":\"https:\/\/web.graphisme.pro\/Servaville\/les-ateliers-village-de-la-d-m-r\/#breadcrumb\",\"itemListElement\":[{\"@type\":\"ListItem\",\"position\":1,\"name\":\"Accueil\",\"item\":\"https:\/\/web.graphisme.pro\/Servaville\/\"},{\"@type\":\"ListItem\",\"position\":2,\"name\":\"Les Ateliers Vill&rsquo;\u00c2ge de l&rsquo;A.D.M.R\"}]},{\"@type\":\"WebSite\",\"@id\":\"https:\/\/web.graphisme.pro\/Servaville\/#website\",\"url\":\"https:\/\/web.graphisme.pro\/Servaville\/\",\"name\":\"Mairie de Servaville-Salmonville\",\"description\":\"Seine-Maritime Normandie\",\"publisher\":{\"@id\":\"https:\/\/web.graphisme.pro\/Servaville\/#organization\"},\"potentialAction\":[{\"@type\":\"SearchAction\",\"target\":{\"@type\":\"EntryPoint\",\"urlTemplate\":\"https:\/\/web.graphisme.pro\/Servaville\/?s={search_term_string}\"},\"query-input\":\"required name=search_term_string\"}],\"inLanguage\":\"fr-FR\"},{\"@type\":\"Organization\",\"@id\":\"https:\/\/web.graphisme.pro\/Servaville\/#organization\",\"name\":\"Mairie de Servaville-Salmonville\",\"url\":\"https:\/\/web.graphisme.pro\/Servaville\/\",\"logo\":{\"@type\":\"ImageObject\",\"inLanguage\":\"fr-FR\",\"@id\":\"https:\/\/web.graphisme.pro\/Servaville\/#\/schema\/logo\/image\/\",\"url\":\"https:\/\/web.graphisme.pro\/Servaville\/wp-content\/uploads\/2020\/08\/servaville_logo-e1598278648383.png\",\"contentUrl\":\"https:\/\/web.graphisme.pro\/Servaville\/wp-content\/uploads\/2020\/08\/servaville_logo-e1598278648383.png\",\"width\":300,\"height\":236,\"caption\":\"Mairie de Servaville-Salmonville\"},\"image\":{\"@id\":\"https:\/\/web.graphisme.pro\/Servaville\/#\/schema\/logo\/image\/\"},\"sameAs\":[\"https:\/\/fr.wikipedia.org\/wiki\/Servaville-Salmonville\"]},{\"@type\":\"Person\",\"@id\":\"https:\/\/web.graphisme.pro\/Servaville\/#\/schema\/person\/2b4b2c756e32a8c40393d8da15ca2211\",\"name\":\"Philippe Lemaitre\",\"url\":\"https:\/\/web.graphisme.pro\/Servaville\/author\/ph-lemaitre\/\"}]}<\/script>\n<!-- \/ Yoast SEO plugin. -->","yoast_head_json":{"title":"Les Ateliers Vill'\u00c2ge de l'A.D.M.R - Mairie de Servaville-Salmonville","robots":{"index":"index","follow":"follow","max-snippet":"max-snippet:-1","max-image-preview":"max-image-preview:large","max-video-preview":"max-video-preview:-1"},"canonical":"https:\/\/web.graphisme.pro\/Servaville\/les-ateliers-village-de-la-d-m-r\/","og_locale":"fr_FR","og_type":"article","og_title":"Les Ateliers Vill'\u00c2ge de l'A.D.M.R - Mairie de Servaville-Salmonville","og_description":"L&rsquo;ADMR, association proposant des services d&rsquo;aide \u00e0 domicile, programme une s\u00e9rie d\u2019ateliers gratuits autour de la pr\u00e9vention de la perte d\u2019autonomie apr\u00e8s 60 ans. \u00a0 \u00a0 \u00a0Le programme 2021 des [&hellip;]","og_url":"https:\/\/web.graphisme.pro\/Servaville\/les-ateliers-village-de-la-d-m-r\/","og_site_name":"Mairie de Servaville-Salmonville","article_published_time":"2021-09-21T05:47:12+00:00","article_modified_time":"2021-09-21T05:50:20+00:00","author":"Philippe Lemaitre","twitter_card":"summary_large_image","twitter_misc":{"\u00c9crit par":"Philippe Lemaitre","Dur\u00e9e de lecture estim\u00e9e":"1 minute"},"schema":{"@context":"https:\/\/schema.org","@graph":[{"@type":"Article","@id":"https:\/\/web.graphisme.pro\/Servaville\/les-ateliers-village-de-la-d-m-r\/#article","isPartOf":{"@id":"https:\/\/web.graphisme.pro\/Servaville\/les-ateliers-village-de-la-d-m-r\/"},"author":{"name":"Philippe Lemaitre","@id":"https:\/\/web.graphisme.pro\/Servaville\/#\/schema\/person\/2b4b2c756e32a8c40393d8da15ca2211"},"headline":"Les Ateliers Vill&rsquo;\u00c2ge de l&rsquo;A.D.M.R","datePublished":"2021-09-21T05:47:12+00:00","dateModified":"2021-09-21T05:50:20+00:00","mainEntityOfPage":{"@id":"https:\/\/web.graphisme.pro\/Servaville\/les-ateliers-village-de-la-d-m-r\/"},"wordCount":45,"publisher":{"@id":"https:\/\/web.graphisme.pro\/Servaville\/#organization"},"articleSection":["Actualit\u00e9s"],"inLanguage":"fr-FR"},{"@type":"WebPage","@id":"https:\/\/web.graphisme.pro\/Servaville\/les-ateliers-village-de-la-d-m-r\/","url":"https:\/\/web.graphisme.pro\/Servaville\/les-ateliers-village-de-la-d-m-r\/","name":"Les Ateliers Vill'\u00c2ge de l'A.D.M.R - Mairie de Servaville-Salmonville","isPartOf":{"@id":"https:\/\/web.graphisme.pro\/Servaville\/#website"},"datePublished":"2021-09-21T05:47:12+00:00","dateModified":"2021-09-21T05:50:20+00:00","breadcrumb":{"@id":"https:\/\/web.graphisme.pro\/Servaville\/les-ateliers-village-de-la-d-m-r\/#breadcrumb"},"inLanguage":"fr-FR","potentialAction":[{"@type":"ReadAction","target":["https:\/\/web.graphisme.pro\/Servaville\/les-ateliers-village-de-la-d-m-r\/"]}]},{"@type":"BreadcrumbList","@id":"https:\/\/web.graphisme.pro\/Servaville\/les-ateliers-village-de-la-d-m-r\/#breadcrumb","itemListElement":[{"@type":"ListItem","position":1,"name":"Accueil","item":"https:\/\/web.graphisme.pro\/Servaville\/"},{"@type":"ListItem","position":2,"name":"Les Ateliers Vill&rsquo;\u00c2ge de l&rsquo;A.D.M.R"}]},{"@type":"WebSite","@id":"https:\/\/web.graphisme.pro\/Servaville\/#website","url":"https:\/\/web.graphisme.pro\/Servaville\/","name":"Mairie de Servaville-Salmonville","description":"Seine-Maritime Normandie","publisher":{"@id":"https:\/\/web.graphisme.pro\/Servaville\/#organization"},"potentialAction":[{"@type":"SearchAction","target":{"@type":"EntryPoint","urlTemplate":"https:\/\/web.graphisme.pro\/Servaville\/?s={search_term_string}"},"query-input":"required name=search_term_string"}],"inLanguage":"fr-FR"},{"@type":"Organization","@id":"https:\/\/web.graphisme.pro\/Servaville\/#organization","name":"Mairie de Servaville-Salmonville","url":"https:\/\/web.graphisme.pro\/Servaville\/","logo":{"@type":"ImageObject","inLanguage":"fr-FR","@id":"https:\/\/web.graphisme.pro\/Servaville\/#\/schema\/logo\/image\/","url":"https:\/\/web.graphisme.pro\/Servaville\/wp-content\/uploads\/2020\/08\/servaville_logo-e1598278648383.png","contentUrl":"https:\/\/web.graphisme.pro\/Servaville\/wp-content\/uploads\/2020\/08\/servaville_logo-e1598278648383.png","width":300,"height":236,"caption":"Mairie de Servaville-Salmonville"},"image":{"@id":"https:\/\/web.graphisme.pro\/Servaville\/#\/schema\/logo\/image\/"},"sameAs":["https:\/\/fr.wikipedia.org\/wiki\/Servaville-Salmonville"]},{"@type":"Person","@id":"https:\/\/web.graphisme.pro\/Servaville\/#\/schema\/person\/2b4b2c756e32a8c40393d8da15ca2211","name":"Philippe Lemaitre","url":"https:\/\/web.graphisme.pro\/Servaville\/author\/ph-lemaitre\/"}]}},"_links":{"self":[{"href":"https:\/\/web.graphisme.pro\/Servaville\/wp-json\/wp\/v2\/posts\/1523"}],"collection":[{"href":"https:\/\/web.graphisme.pro\/Servaville\/wp-json\/wp\/v2\/posts"}],"about":[{"href":"https:\/\/web.graphisme.pro\/Servaville\/wp-json\/wp\/v2\/types\/post"}],"author":[{"embeddable":true,"href":"https:\/\/web.graphisme.pro\/Servaville\/wp-json\/wp\/v2\/users\/3"}],"replies":[{"embeddable":true,"href":"https:\/\/web.graphisme.pro\/Servaville\/wp-json\/wp\/v2\/comments?post=1523"}],"version-history":[{"count":5,"href":"https:\/\/web.graphisme.pro\/Servaville\/wp-json\/wp\/v2\/posts\/1523\/revisions"}],"predecessor-version":[{"id":1529,"href":"https:\/\/web.graphisme.pro\/Servaville\/wp-json\/wp\/v2\/posts\/1523\/revisions\/1529"}],"wp:attachment":[{"href":"https:\/\/web.graphisme.pro\/Servaville\/wp-json\/wp\/v2\/media?parent=1523"}],"wp:term":[{"taxonomy":"category","embeddable":true,"href":"https:\/\/web.graphisme.pro\/Servaville\/wp-json\/wp\/v2\/categories?post=1523"},{"taxonomy":"post_tag","embeddable":true,"href":"https:\/\/web.graphisme.pro\/Servaville\/wp-json\/wp\/v2\/tags?post=1523"}],"curies":[{"name":"wp","href":"https:\/\/api.w.org\/{rel}","templated":true}]}}