{"id":1484,"date":"2021-08-28T19:50:45","date_gmt":"2021-08-28T17:50:45","guid":{"rendered":"https:\/\/web.graphisme.pro\/Servaville\/?p=1484"},"modified":"2021-08-28T19:50:46","modified_gmt":"2021-08-28T17:50:46","slug":"nouveau-a-servaville-judo-club","status":"publish","type":"post","link":"https:\/\/web.graphisme.pro\/Servaville\/nouveau-a-servaville-judo-club\/","title":{"rendered":"Nouveau \u00e0 Servaville : Judo-Club"},"content":{"rendered":"\n<p>Apr\u00e8s sept m\u00e9dailles aux jeux olympiques dont deux en or, le judo fran\u00e7ais est \u00e0 l&rsquo;honneur cette ann\u00e9e.<\/p>\n\n\n\n<p>L&rsquo;ASCSS lance une nouvelle section Judo, ouverte \u00e0 tous<br>Venez d\u00e9couvrir ce sport au sein de l&rsquo;ASCSS avec <strong>Christophe Barou<\/strong> (6<sup>\u00e8me<\/sup> Dan et plus de 30 ans d&rsquo;enseignements).<\/p>\n\n\n\n<div class=\"wp-block-image\"><figure class=\"aligncenter size-full is-resized\"><img loading=\"lazy\" decoding=\"async\" src=\"https:\/\/web.graphisme.pro\/Servaville\/wp-content\/uploads\/2021\/08\/Barou.jpg\" alt=\"\" class=\"wp-image-1485\" width=\"273\" height=\"388\" srcset=\"https:\/\/web.graphisme.pro\/Servaville\/wp-content\/uploads\/2021\/08\/Barou.jpg 336w, https:\/\/web.graphisme.pro\/Servaville\/wp-content\/uploads\/2021\/08\/Barou-211x300.jpg 211w, https:\/\/web.graphisme.pro\/Servaville\/wp-content\/uploads\/2021\/08\/Barou-140x199.jpg 140w\" sizes=\"(max-width: 273px) 100vw, 273px\" \/><\/figure><\/div>\n\n\n\n<p>Le Judo est accessible \u00e0 partir de 5 ans, d\u00e9butant ou confirm\u00e9, comp\u00e9titeur ou amateur&#8230;<br>Nous serions ravis de vous accueillir pour une nouvelle ann\u00e9e ensemble.<br><br><strong><span class=\"has-inline-color has-vivid-red-color\">Toute l&rsquo;\u00e9quipe du judo vous accueillera au <\/span><\/strong><a href=\"https:\/\/web.graphisme.pro\/Servaville\/evenement\/forum-des-associations\/\" target=\"_blank\" rel=\"noreferrer noopener\"><strong><span class=\"has-inline-color has-vivid-red-color\">Forum des Associations le Samedi 04 septembre<\/span><\/strong><br><\/a><br>Vous trouverez toutes les informations n\u00e9cessaires ici :<\/p>\n\n\n\n<div class=\"wp-block-image\"><figure class=\"aligncenter size-full\"><img decoding=\"async\" src=\"https:\/\/web.graphisme.pro\/Servaville\/wp-content\/uploads\/2021\/08\/Contact-Judo-1.jpg\" alt=\"\" class=\"wp-image-1491\"\/><\/figure><\/div>\n\n\n\n<div data-wp-interactive=\"core\/file\" class=\"wp-block-file\"><object data-wp-bind--hidden=\"!state.hasPdfPreview\"  class=\"wp-block-file__embed\" data=\"https:\/\/web.graphisme.pro\/Servaville\/wp-content\/uploads\/2021\/08\/Tarifs-Judo-2021-2022.pdf\" type=\"application\/pdf\" style=\"width:100%;height:600px\" aria-label=\"Contenu embarqu\u00e9 Contenu embarqu\u00e9 Tarifs-Judo-2021-2022..\"><\/object><a href=\"https:\/\/web.graphisme.pro\/Servaville\/wp-content\/uploads\/2021\/08\/Tarifs-Judo-2021-2022.pdf\">Tarifs-Judo-2021-2022<\/a><a href=\"https:\/\/web.graphisme.pro\/Servaville\/wp-content\/uploads\/2021\/08\/Tarifs-Judo-2021-2022.pdf\" class=\"wp-block-file__button\" download>T\u00e9l\u00e9charger<\/a><\/div>\n","protected":false},"excerpt":{"rendered":"<p>Apr\u00e8s sept m\u00e9dailles aux jeux olympiques dont deux en or, le judo fran\u00e7ais est \u00e0 l&rsquo;honneur cette ann\u00e9e. L&rsquo;ASCSS lance une nouvelle section Judo, ouverte \u00e0 tousVenez d\u00e9couvrir ce sport [&hellip;]<\/p>\n","protected":false},"author":1,"featured_media":0,"comment_status":"closed","ping_status":"closed","sticky":false,"template":"","format":"standard","meta":{"_EventAllDay":false,"_EventTimezone":"","_EventStartDate":"","_EventEndDate":"","_EventStartDateUTC":"","_EventEndDateUTC":"","_EventShowMap":false,"_EventShowMapLink":false,"_EventURL":"","_EventCost":"","_EventCostDescription":"","_EventCurrencySymbol":"","_EventCurrencyCode":"","_EventCurrencyPosition":"","_EventDateTimeSeparator":"","_EventTimeRangeSeparator":"","_EventOrganizerID":[],"_EventVenueID":[],"_OrganizerEmail":"","_OrganizerPhone":"","_OrganizerWebsite":"","_VenueAddress":"","_VenueCity":"","_VenueCountry":"","_VenueProvince":"","_VenueState":"","_VenueZip":"","_VenuePhone":"","_VenueURL":"","_VenueStateProvince":"","_VenueLat":"","_VenueLng":"","_VenueShowMap":false,"_VenueShowMapLink":false,"footnotes":""},"categories":[1],"tags":[],"yoast_head":"<!-- This site is optimized with the Yoast SEO plugin v22.6 - https:\/\/yoast.com\/wordpress\/plugins\/seo\/ -->\n<title>Nouveau \u00e0 Servaville : Judo-Club - Mairie de Servaville-Salmonville<\/title>\n<meta name=\"robots\" content=\"index, follow, max-snippet:-1, max-image-preview:large, max-video-preview:-1\" \/>\n<link rel=\"canonical\" href=\"https:\/\/web.graphisme.pro\/Servaville\/nouveau-a-servaville-judo-club\/\" \/>\n<meta property=\"og:locale\" content=\"fr_FR\" \/>\n<meta property=\"og:type\" content=\"article\" \/>\n<meta property=\"og:title\" content=\"Nouveau \u00e0 Servaville : Judo-Club - Mairie de Servaville-Salmonville\" \/>\n<meta property=\"og:description\" content=\"Apr\u00e8s sept m\u00e9dailles aux jeux olympiques dont deux en or, le judo fran\u00e7ais est \u00e0 l&rsquo;honneur cette ann\u00e9e. L&rsquo;ASCSS lance une nouvelle section Judo, ouverte \u00e0 tousVenez d\u00e9couvrir ce sport [&hellip;]\" \/>\n<meta property=\"og:url\" content=\"https:\/\/web.graphisme.pro\/Servaville\/nouveau-a-servaville-judo-club\/\" \/>\n<meta property=\"og:site_name\" content=\"Mairie de Servaville-Salmonville\" \/>\n<meta property=\"article:published_time\" content=\"2021-08-28T17:50:45+00:00\" \/>\n<meta property=\"article:modified_time\" content=\"2021-08-28T17:50:46+00:00\" \/>\n<meta property=\"og:image\" content=\"https:\/\/web.graphisme.pro\/Servaville\/wp-content\/uploads\/2021\/08\/Barou.jpg\" \/>\n<meta name=\"author\" content=\"Servaville-mairie\" \/>\n<meta name=\"twitter:card\" content=\"summary_large_image\" \/>\n<meta name=\"twitter:label1\" content=\"\u00c9crit par\" \/>\n\t<meta name=\"twitter:data1\" content=\"Servaville-mairie\" \/>\n\t<meta name=\"twitter:label2\" content=\"Dur\u00e9e de lecture estim\u00e9e\" \/>\n\t<meta name=\"twitter:data2\" content=\"1 minute\" \/>\n<script type=\"application\/ld+json\" class=\"yoast-schema-graph\">{\"@context\":\"https:\/\/schema.org\",\"@graph\":[{\"@type\":\"Article\",\"@id\":\"https:\/\/web.graphisme.pro\/Servaville\/nouveau-a-servaville-judo-club\/#article\",\"isPartOf\":{\"@id\":\"https:\/\/web.graphisme.pro\/Servaville\/nouveau-a-servaville-judo-club\/\"},\"author\":{\"name\":\"Servaville-mairie\",\"@id\":\"https:\/\/web.graphisme.pro\/Servaville\/#\/schema\/person\/2444496edd3f3b3eecc9a217d6c16ac0\"},\"headline\":\"Nouveau \u00e0 Servaville : Judo-Club\",\"datePublished\":\"2021-08-28T17:50:45+00:00\",\"dateModified\":\"2021-08-28T17:50:46+00:00\",\"mainEntityOfPage\":{\"@id\":\"https:\/\/web.graphisme.pro\/Servaville\/nouveau-a-servaville-judo-club\/\"},\"wordCount\":108,\"publisher\":{\"@id\":\"https:\/\/web.graphisme.pro\/Servaville\/#organization\"},\"image\":{\"@id\":\"https:\/\/web.graphisme.pro\/Servaville\/nouveau-a-servaville-judo-club\/#primaryimage\"},\"thumbnailUrl\":\"https:\/\/web.graphisme.pro\/Servaville\/wp-content\/uploads\/2021\/08\/Barou.jpg\",\"articleSection\":[\"Actualit\u00e9s\"],\"inLanguage\":\"fr-FR\"},{\"@type\":\"WebPage\",\"@id\":\"https:\/\/web.graphisme.pro\/Servaville\/nouveau-a-servaville-judo-club\/\",\"url\":\"https:\/\/web.graphisme.pro\/Servaville\/nouveau-a-servaville-judo-club\/\",\"name\":\"Nouveau \u00e0 Servaville : Judo-Club - Mairie de Servaville-Salmonville\",\"isPartOf\":{\"@id\":\"https:\/\/web.graphisme.pro\/Servaville\/#website\"},\"primaryImageOfPage\":{\"@id\":\"https:\/\/web.graphisme.pro\/Servaville\/nouveau-a-servaville-judo-club\/#primaryimage\"},\"image\":{\"@id\":\"https:\/\/web.graphisme.pro\/Servaville\/nouveau-a-servaville-judo-club\/#primaryimage\"},\"thumbnailUrl\":\"https:\/\/web.graphisme.pro\/Servaville\/wp-content\/uploads\/2021\/08\/Barou.jpg\",\"datePublished\":\"2021-08-28T17:50:45+00:00\",\"dateModified\":\"2021-08-28T17:50:46+00:00\",\"breadcrumb\":{\"@id\":\"https:\/\/web.graphisme.pro\/Servaville\/nouveau-a-servaville-judo-club\/#breadcrumb\"},\"inLanguage\":\"fr-FR\",\"potentialAction\":[{\"@type\":\"ReadAction\",\"target\":[\"https:\/\/web.graphisme.pro\/Servaville\/nouveau-a-servaville-judo-club\/\"]}]},{\"@type\":\"ImageObject\",\"inLanguage\":\"fr-FR\",\"@id\":\"https:\/\/web.graphisme.pro\/Servaville\/nouveau-a-servaville-judo-club\/#primaryimage\",\"url\":\"https:\/\/web.graphisme.pro\/Servaville\/wp-content\/uploads\/2021\/08\/Barou.jpg\",\"contentUrl\":\"https:\/\/web.graphisme.pro\/Servaville\/wp-content\/uploads\/2021\/08\/Barou.jpg\",\"width\":336,\"height\":477},{\"@type\":\"BreadcrumbList\",\"@id\":\"https:\/\/web.graphisme.pro\/Servaville\/nouveau-a-servaville-judo-club\/#breadcrumb\",\"itemListElement\":[{\"@type\":\"ListItem\",\"position\":1,\"name\":\"Accueil\",\"item\":\"https:\/\/web.graphisme.pro\/Servaville\/\"},{\"@type\":\"ListItem\",\"position\":2,\"name\":\"Nouveau \u00e0 Servaville : Judo-Club\"}]},{\"@type\":\"WebSite\",\"@id\":\"https:\/\/web.graphisme.pro\/Servaville\/#website\",\"url\":\"https:\/\/web.graphisme.pro\/Servaville\/\",\"name\":\"Mairie de Servaville-Salmonville\",\"description\":\"Seine-Maritime Normandie\",\"publisher\":{\"@id\":\"https:\/\/web.graphisme.pro\/Servaville\/#organization\"},\"potentialAction\":[{\"@type\":\"SearchAction\",\"target\":{\"@type\":\"EntryPoint\",\"urlTemplate\":\"https:\/\/web.graphisme.pro\/Servaville\/?s={search_term_string}\"},\"query-input\":\"required name=search_term_string\"}],\"inLanguage\":\"fr-FR\"},{\"@type\":\"Organization\",\"@id\":\"https:\/\/web.graphisme.pro\/Servaville\/#organization\",\"name\":\"Mairie de Servaville-Salmonville\",\"url\":\"https:\/\/web.graphisme.pro\/Servaville\/\",\"logo\":{\"@type\":\"ImageObject\",\"inLanguage\":\"fr-FR\",\"@id\":\"https:\/\/web.graphisme.pro\/Servaville\/#\/schema\/logo\/image\/\",\"url\":\"https:\/\/web.graphisme.pro\/Servaville\/wp-content\/uploads\/2020\/08\/servaville_logo-e1598278648383.png\",\"contentUrl\":\"https:\/\/web.graphisme.pro\/Servaville\/wp-content\/uploads\/2020\/08\/servaville_logo-e1598278648383.png\",\"width\":300,\"height\":236,\"caption\":\"Mairie de Servaville-Salmonville\"},\"image\":{\"@id\":\"https:\/\/web.graphisme.pro\/Servaville\/#\/schema\/logo\/image\/\"},\"sameAs\":[\"https:\/\/fr.wikipedia.org\/wiki\/Servaville-Salmonville\"]},{\"@type\":\"Person\",\"@id\":\"https:\/\/web.graphisme.pro\/Servaville\/#\/schema\/person\/2444496edd3f3b3eecc9a217d6c16ac0\",\"name\":\"Servaville-mairie\",\"sameAs\":[\"https:\/\/web.graphisme.pro\/Servaville\"],\"url\":\"https:\/\/web.graphisme.pro\/Servaville\/author\/servaville-mairie\/\"}]}<\/script>\n<!-- \/ Yoast SEO plugin. -->","yoast_head_json":{"title":"Nouveau \u00e0 Servaville : Judo-Club - Mairie de Servaville-Salmonville","robots":{"index":"index","follow":"follow","max-snippet":"max-snippet:-1","max-image-preview":"max-image-preview:large","max-video-preview":"max-video-preview:-1"},"canonical":"https:\/\/web.graphisme.pro\/Servaville\/nouveau-a-servaville-judo-club\/","og_locale":"fr_FR","og_type":"article","og_title":"Nouveau \u00e0 Servaville : Judo-Club - Mairie de Servaville-Salmonville","og_description":"Apr\u00e8s sept m\u00e9dailles aux jeux olympiques dont deux en or, le judo fran\u00e7ais est \u00e0 l&rsquo;honneur cette ann\u00e9e. L&rsquo;ASCSS lance une nouvelle section Judo, ouverte \u00e0 tousVenez d\u00e9couvrir ce sport [&hellip;]","og_url":"https:\/\/web.graphisme.pro\/Servaville\/nouveau-a-servaville-judo-club\/","og_site_name":"Mairie de Servaville-Salmonville","article_published_time":"2021-08-28T17:50:45+00:00","article_modified_time":"2021-08-28T17:50:46+00:00","og_image":[{"url":"https:\/\/web.graphisme.pro\/Servaville\/wp-content\/uploads\/2021\/08\/Barou.jpg"}],"author":"Servaville-mairie","twitter_card":"summary_large_image","twitter_misc":{"\u00c9crit par":"Servaville-mairie","Dur\u00e9e de lecture estim\u00e9e":"1 minute"},"schema":{"@context":"https:\/\/schema.org","@graph":[{"@type":"Article","@id":"https:\/\/web.graphisme.pro\/Servaville\/nouveau-a-servaville-judo-club\/#article","isPartOf":{"@id":"https:\/\/web.graphisme.pro\/Servaville\/nouveau-a-servaville-judo-club\/"},"author":{"name":"Servaville-mairie","@id":"https:\/\/web.graphisme.pro\/Servaville\/#\/schema\/person\/2444496edd3f3b3eecc9a217d6c16ac0"},"headline":"Nouveau \u00e0 Servaville : Judo-Club","datePublished":"2021-08-28T17:50:45+00:00","dateModified":"2021-08-28T17:50:46+00:00","mainEntityOfPage":{"@id":"https:\/\/web.graphisme.pro\/Servaville\/nouveau-a-servaville-judo-club\/"},"wordCount":108,"publisher":{"@id":"https:\/\/web.graphisme.pro\/Servaville\/#organization"},"image":{"@id":"https:\/\/web.graphisme.pro\/Servaville\/nouveau-a-servaville-judo-club\/#primaryimage"},"thumbnailUrl":"https:\/\/web.graphisme.pro\/Servaville\/wp-content\/uploads\/2021\/08\/Barou.jpg","articleSection":["Actualit\u00e9s"],"inLanguage":"fr-FR"},{"@type":"WebPage","@id":"https:\/\/web.graphisme.pro\/Servaville\/nouveau-a-servaville-judo-club\/","url":"https:\/\/web.graphisme.pro\/Servaville\/nouveau-a-servaville-judo-club\/","name":"Nouveau \u00e0 Servaville : Judo-Club - Mairie de Servaville-Salmonville","isPartOf":{"@id":"https:\/\/web.graphisme.pro\/Servaville\/#website"},"primaryImageOfPage":{"@id":"https:\/\/web.graphisme.pro\/Servaville\/nouveau-a-servaville-judo-club\/#primaryimage"},"image":{"@id":"https:\/\/web.graphisme.pro\/Servaville\/nouveau-a-servaville-judo-club\/#primaryimage"},"thumbnailUrl":"https:\/\/web.graphisme.pro\/Servaville\/wp-content\/uploads\/2021\/08\/Barou.jpg","datePublished":"2021-08-28T17:50:45+00:00","dateModified":"2021-08-28T17:50:46+00:00","breadcrumb":{"@id":"https:\/\/web.graphisme.pro\/Servaville\/nouveau-a-servaville-judo-club\/#breadcrumb"},"inLanguage":"fr-FR","potentialAction":[{"@type":"ReadAction","target":["https:\/\/web.graphisme.pro\/Servaville\/nouveau-a-servaville-judo-club\/"]}]},{"@type":"ImageObject","inLanguage":"fr-FR","@id":"https:\/\/web.graphisme.pro\/Servaville\/nouveau-a-servaville-judo-club\/#primaryimage","url":"https:\/\/web.graphisme.pro\/Servaville\/wp-content\/uploads\/2021\/08\/Barou.jpg","contentUrl":"https:\/\/web.graphisme.pro\/Servaville\/wp-content\/uploads\/2021\/08\/Barou.jpg","width":336,"height":477},{"@type":"BreadcrumbList","@id":"https:\/\/web.graphisme.pro\/Servaville\/nouveau-a-servaville-judo-club\/#breadcrumb","itemListElement":[{"@type":"ListItem","position":1,"name":"Accueil","item":"https:\/\/web.graphisme.pro\/Servaville\/"},{"@type":"ListItem","position":2,"name":"Nouveau \u00e0 Servaville : Judo-Club"}]},{"@type":"WebSite","@id":"https:\/\/web.graphisme.pro\/Servaville\/#website","url":"https:\/\/web.graphisme.pro\/Servaville\/","name":"Mairie de Servaville-Salmonville","description":"Seine-Maritime Normandie","publisher":{"@id":"https:\/\/web.graphisme.pro\/Servaville\/#organization"},"potentialAction":[{"@type":"SearchAction","target":{"@type":"EntryPoint","urlTemplate":"https:\/\/web.graphisme.pro\/Servaville\/?s={search_term_string}"},"query-input":"required name=search_term_string"}],"inLanguage":"fr-FR"},{"@type":"Organization","@id":"https:\/\/web.graphisme.pro\/Servaville\/#organization","name":"Mairie de Servaville-Salmonville","url":"https:\/\/web.graphisme.pro\/Servaville\/","logo":{"@type":"ImageObject","inLanguage":"fr-FR","@id":"https:\/\/web.graphisme.pro\/Servaville\/#\/schema\/logo\/image\/","url":"https:\/\/web.graphisme.pro\/Servaville\/wp-content\/uploads\/2020\/08\/servaville_logo-e1598278648383.png","contentUrl":"https:\/\/web.graphisme.pro\/Servaville\/wp-content\/uploads\/2020\/08\/servaville_logo-e1598278648383.png","width":300,"height":236,"caption":"Mairie de Servaville-Salmonville"},"image":{"@id":"https:\/\/web.graphisme.pro\/Servaville\/#\/schema\/logo\/image\/"},"sameAs":["https:\/\/fr.wikipedia.org\/wiki\/Servaville-Salmonville"]},{"@type":"Person","@id":"https:\/\/web.graphisme.pro\/Servaville\/#\/schema\/person\/2444496edd3f3b3eecc9a217d6c16ac0","name":"Servaville-mairie","sameAs":["https:\/\/web.graphisme.pro\/Servaville"],"url":"https:\/\/web.graphisme.pro\/Servaville\/author\/servaville-mairie\/"}]}},"_links":{"self":[{"href":"https:\/\/web.graphisme.pro\/Servaville\/wp-json\/wp\/v2\/posts\/1484"}],"collection":[{"href":"https:\/\/web.graphisme.pro\/Servaville\/wp-json\/wp\/v2\/posts"}],"about":[{"href":"https:\/\/web.graphisme.pro\/Servaville\/wp-json\/wp\/v2\/types\/post"}],"author":[{"embeddable":true,"href":"https:\/\/web.graphisme.pro\/Servaville\/wp-json\/wp\/v2\/users\/1"}],"replies":[{"embeddable":true,"href":"https:\/\/web.graphisme.pro\/Servaville\/wp-json\/wp\/v2\/comments?post=1484"}],"version-history":[{"count":5,"href":"https:\/\/web.graphisme.pro\/Servaville\/wp-json\/wp\/v2\/posts\/1484\/revisions"}],"predecessor-version":[{"id":1494,"href":"https:\/\/web.graphisme.pro\/Servaville\/wp-json\/wp\/v2\/posts\/1484\/revisions\/1494"}],"wp:attachment":[{"href":"https:\/\/web.graphisme.pro\/Servaville\/wp-json\/wp\/v2\/media?parent=1484"}],"wp:term":[{"taxonomy":"category","embeddable":true,"href":"https:\/\/web.graphisme.pro\/Servaville\/wp-json\/wp\/v2\/categories?post=1484"},{"taxonomy":"post_tag","embeddable":true,"href":"https:\/\/web.graphisme.pro\/Servaville\/wp-json\/wp\/v2\/tags?post=1484"}],"curies":[{"name":"wp","href":"https:\/\/api.w.org\/{rel}","templated":true}]}}