{"id":1482,"date":"2021-09-18T07:27:45","date_gmt":"2021-09-18T05:27:45","guid":{"rendered":"https:\/\/web.graphisme.pro\/Servaville\/?p=1482"},"modified":"2021-09-18T07:27:16","modified_gmt":"2021-09-18T05:27:16","slug":"horaires-de-la-bibliotheque","status":"publish","type":"post","link":"https:\/\/web.graphisme.pro\/Servaville\/horaires-de-la-bibliotheque\/","title":{"rendered":"Horaires de la Biblioth\u00e8que"},"content":{"rendered":"\n<p>Les horaires de la biblioth\u00e8que change \u00e0 partir de la rentr\u00e9e.<\/p>\n\n\n\n<p>Les nouveaux horaires sont :<\/p>\n\n\n\n<p class=\"has-text-align-center\"><span class=\"has-inline-color has-vivid-red-color\"><strong>Mercredi de 10h30 \u00e0 11h30 et de 14h \u00e0 15h30<\/strong><br><strong>Samedi de 14h \u00e0 15h30<\/strong><\/span><\/p>\n\n\n\n<p>Toutes les informations sur <a href=\"https:\/\/web.graphisme.pro\/Servaville\/bibliotheque-page-a-page\/\">la page de la biblioth\u00e8que<\/a><\/p>\n","protected":false},"excerpt":{"rendered":"<p>Les horaires de la biblioth\u00e8que change \u00e0 partir de la rentr\u00e9e. Les nouveaux horaires sont : Mercredi de 10h30 \u00e0 11h30 et de 14h \u00e0 15h30Samedi de 14h \u00e0 15h30 [&hellip;]<\/p>\n","protected":false},"author":1,"featured_media":0,"comment_status":"closed","ping_status":"closed","sticky":false,"template":"","format":"standard","meta":{"_EventAllDay":false,"_EventTimezone":"","_EventStartDate":"","_EventEndDate":"","_EventStartDateUTC":"","_EventEndDateUTC":"","_EventShowMap":false,"_EventShowMapLink":false,"_EventURL":"","_EventCost":"","_EventCostDescription":"","_EventCurrencySymbol":"","_EventCurrencyCode":"","_EventCurrencyPosition":"","_EventDateTimeSeparator":"","_EventTimeRangeSeparator":"","_EventOrganizerID":[],"_EventVenueID":[],"_OrganizerEmail":"","_OrganizerPhone":"","_OrganizerWebsite":"","_VenueAddress":"","_VenueCity":"","_VenueCountry":"","_VenueProvince":"","_VenueState":"","_VenueZip":"","_VenuePhone":"","_VenueURL":"","_VenueStateProvince":"","_VenueLat":"","_VenueLng":"","_VenueShowMap":false,"_VenueShowMapLink":false,"footnotes":""},"categories":[1],"tags":[],"yoast_head":"<!-- This site is optimized with the Yoast SEO plugin v22.6 - https:\/\/yoast.com\/wordpress\/plugins\/seo\/ -->\n<title>Horaires de la Biblioth\u00e8que - Mairie de Servaville-Salmonville<\/title>\n<meta name=\"robots\" content=\"index, follow, max-snippet:-1, max-image-preview:large, max-video-preview:-1\" \/>\n<link rel=\"canonical\" href=\"https:\/\/web.graphisme.pro\/Servaville\/horaires-de-la-bibliotheque\/\" \/>\n<meta property=\"og:locale\" content=\"fr_FR\" \/>\n<meta property=\"og:type\" content=\"article\" \/>\n<meta property=\"og:title\" content=\"Horaires de la Biblioth\u00e8que - Mairie de Servaville-Salmonville\" \/>\n<meta property=\"og:description\" content=\"Les horaires de la biblioth\u00e8que change \u00e0 partir de la rentr\u00e9e. Les nouveaux horaires sont : Mercredi de 10h30 \u00e0 11h30 et de 14h \u00e0 15h30Samedi de 14h \u00e0 15h30 [&hellip;]\" \/>\n<meta property=\"og:url\" content=\"https:\/\/web.graphisme.pro\/Servaville\/horaires-de-la-bibliotheque\/\" \/>\n<meta property=\"og:site_name\" content=\"Mairie de Servaville-Salmonville\" \/>\n<meta property=\"article:published_time\" content=\"2021-09-18T05:27:45+00:00\" \/>\n<meta property=\"article:modified_time\" content=\"2021-09-18T05:27:16+00:00\" \/>\n<meta name=\"author\" content=\"Servaville-mairie\" \/>\n<meta name=\"twitter:card\" content=\"summary_large_image\" \/>\n<meta name=\"twitter:label1\" content=\"\u00c9crit par\" \/>\n\t<meta name=\"twitter:data1\" content=\"Servaville-mairie\" \/>\n\t<meta name=\"twitter:label2\" content=\"Dur\u00e9e de lecture estim\u00e9e\" \/>\n\t<meta name=\"twitter:data2\" content=\"1 minute\" \/>\n<script type=\"application\/ld+json\" class=\"yoast-schema-graph\">{\"@context\":\"https:\/\/schema.org\",\"@graph\":[{\"@type\":\"Article\",\"@id\":\"https:\/\/web.graphisme.pro\/Servaville\/horaires-de-la-bibliotheque\/#article\",\"isPartOf\":{\"@id\":\"https:\/\/web.graphisme.pro\/Servaville\/horaires-de-la-bibliotheque\/\"},\"author\":{\"name\":\"Servaville-mairie\",\"@id\":\"https:\/\/web.graphisme.pro\/Servaville\/#\/schema\/person\/2444496edd3f3b3eecc9a217d6c16ac0\"},\"headline\":\"Horaires de la Biblioth\u00e8que\",\"datePublished\":\"2021-09-18T05:27:45+00:00\",\"dateModified\":\"2021-09-18T05:27:16+00:00\",\"mainEntityOfPage\":{\"@id\":\"https:\/\/web.graphisme.pro\/Servaville\/horaires-de-la-bibliotheque\/\"},\"wordCount\":43,\"publisher\":{\"@id\":\"https:\/\/web.graphisme.pro\/Servaville\/#organization\"},\"articleSection\":[\"Actualit\u00e9s\"],\"inLanguage\":\"fr-FR\"},{\"@type\":\"WebPage\",\"@id\":\"https:\/\/web.graphisme.pro\/Servaville\/horaires-de-la-bibliotheque\/\",\"url\":\"https:\/\/web.graphisme.pro\/Servaville\/horaires-de-la-bibliotheque\/\",\"name\":\"Horaires de la Biblioth\u00e8que - Mairie de Servaville-Salmonville\",\"isPartOf\":{\"@id\":\"https:\/\/web.graphisme.pro\/Servaville\/#website\"},\"datePublished\":\"2021-09-18T05:27:45+00:00\",\"dateModified\":\"2021-09-18T05:27:16+00:00\",\"breadcrumb\":{\"@id\":\"https:\/\/web.graphisme.pro\/Servaville\/horaires-de-la-bibliotheque\/#breadcrumb\"},\"inLanguage\":\"fr-FR\",\"potentialAction\":[{\"@type\":\"ReadAction\",\"target\":[\"https:\/\/web.graphisme.pro\/Servaville\/horaires-de-la-bibliotheque\/\"]}]},{\"@type\":\"BreadcrumbList\",\"@id\":\"https:\/\/web.graphisme.pro\/Servaville\/horaires-de-la-bibliotheque\/#breadcrumb\",\"itemListElement\":[{\"@type\":\"ListItem\",\"position\":1,\"name\":\"Accueil\",\"item\":\"https:\/\/web.graphisme.pro\/Servaville\/\"},{\"@type\":\"ListItem\",\"position\":2,\"name\":\"Horaires de la Biblioth\u00e8que\"}]},{\"@type\":\"WebSite\",\"@id\":\"https:\/\/web.graphisme.pro\/Servaville\/#website\",\"url\":\"https:\/\/web.graphisme.pro\/Servaville\/\",\"name\":\"Mairie de Servaville-Salmonville\",\"description\":\"Seine-Maritime Normandie\",\"publisher\":{\"@id\":\"https:\/\/web.graphisme.pro\/Servaville\/#organization\"},\"potentialAction\":[{\"@type\":\"SearchAction\",\"target\":{\"@type\":\"EntryPoint\",\"urlTemplate\":\"https:\/\/web.graphisme.pro\/Servaville\/?s={search_term_string}\"},\"query-input\":\"required name=search_term_string\"}],\"inLanguage\":\"fr-FR\"},{\"@type\":\"Organization\",\"@id\":\"https:\/\/web.graphisme.pro\/Servaville\/#organization\",\"name\":\"Mairie de Servaville-Salmonville\",\"url\":\"https:\/\/web.graphisme.pro\/Servaville\/\",\"logo\":{\"@type\":\"ImageObject\",\"inLanguage\":\"fr-FR\",\"@id\":\"https:\/\/web.graphisme.pro\/Servaville\/#\/schema\/logo\/image\/\",\"url\":\"https:\/\/web.graphisme.pro\/Servaville\/wp-content\/uploads\/2020\/08\/servaville_logo-e1598278648383.png\",\"contentUrl\":\"https:\/\/web.graphisme.pro\/Servaville\/wp-content\/uploads\/2020\/08\/servaville_logo-e1598278648383.png\",\"width\":300,\"height\":236,\"caption\":\"Mairie de Servaville-Salmonville\"},\"image\":{\"@id\":\"https:\/\/web.graphisme.pro\/Servaville\/#\/schema\/logo\/image\/\"},\"sameAs\":[\"https:\/\/fr.wikipedia.org\/wiki\/Servaville-Salmonville\"]},{\"@type\":\"Person\",\"@id\":\"https:\/\/web.graphisme.pro\/Servaville\/#\/schema\/person\/2444496edd3f3b3eecc9a217d6c16ac0\",\"name\":\"Servaville-mairie\",\"sameAs\":[\"https:\/\/web.graphisme.pro\/Servaville\"],\"url\":\"https:\/\/web.graphisme.pro\/Servaville\/author\/servaville-mairie\/\"}]}<\/script>\n<!-- \/ Yoast SEO plugin. -->","yoast_head_json":{"title":"Horaires de la Biblioth\u00e8que - Mairie de Servaville-Salmonville","robots":{"index":"index","follow":"follow","max-snippet":"max-snippet:-1","max-image-preview":"max-image-preview:large","max-video-preview":"max-video-preview:-1"},"canonical":"https:\/\/web.graphisme.pro\/Servaville\/horaires-de-la-bibliotheque\/","og_locale":"fr_FR","og_type":"article","og_title":"Horaires de la Biblioth\u00e8que - Mairie de Servaville-Salmonville","og_description":"Les horaires de la biblioth\u00e8que change \u00e0 partir de la rentr\u00e9e. Les nouveaux horaires sont : Mercredi de 10h30 \u00e0 11h30 et de 14h \u00e0 15h30Samedi de 14h \u00e0 15h30 [&hellip;]","og_url":"https:\/\/web.graphisme.pro\/Servaville\/horaires-de-la-bibliotheque\/","og_site_name":"Mairie de Servaville-Salmonville","article_published_time":"2021-09-18T05:27:45+00:00","article_modified_time":"2021-09-18T05:27:16+00:00","author":"Servaville-mairie","twitter_card":"summary_large_image","twitter_misc":{"\u00c9crit par":"Servaville-mairie","Dur\u00e9e de lecture estim\u00e9e":"1 minute"},"schema":{"@context":"https:\/\/schema.org","@graph":[{"@type":"Article","@id":"https:\/\/web.graphisme.pro\/Servaville\/horaires-de-la-bibliotheque\/#article","isPartOf":{"@id":"https:\/\/web.graphisme.pro\/Servaville\/horaires-de-la-bibliotheque\/"},"author":{"name":"Servaville-mairie","@id":"https:\/\/web.graphisme.pro\/Servaville\/#\/schema\/person\/2444496edd3f3b3eecc9a217d6c16ac0"},"headline":"Horaires de la Biblioth\u00e8que","datePublished":"2021-09-18T05:27:45+00:00","dateModified":"2021-09-18T05:27:16+00:00","mainEntityOfPage":{"@id":"https:\/\/web.graphisme.pro\/Servaville\/horaires-de-la-bibliotheque\/"},"wordCount":43,"publisher":{"@id":"https:\/\/web.graphisme.pro\/Servaville\/#organization"},"articleSection":["Actualit\u00e9s"],"inLanguage":"fr-FR"},{"@type":"WebPage","@id":"https:\/\/web.graphisme.pro\/Servaville\/horaires-de-la-bibliotheque\/","url":"https:\/\/web.graphisme.pro\/Servaville\/horaires-de-la-bibliotheque\/","name":"Horaires de la Biblioth\u00e8que - Mairie de Servaville-Salmonville","isPartOf":{"@id":"https:\/\/web.graphisme.pro\/Servaville\/#website"},"datePublished":"2021-09-18T05:27:45+00:00","dateModified":"2021-09-18T05:27:16+00:00","breadcrumb":{"@id":"https:\/\/web.graphisme.pro\/Servaville\/horaires-de-la-bibliotheque\/#breadcrumb"},"inLanguage":"fr-FR","potentialAction":[{"@type":"ReadAction","target":["https:\/\/web.graphisme.pro\/Servaville\/horaires-de-la-bibliotheque\/"]}]},{"@type":"BreadcrumbList","@id":"https:\/\/web.graphisme.pro\/Servaville\/horaires-de-la-bibliotheque\/#breadcrumb","itemListElement":[{"@type":"ListItem","position":1,"name":"Accueil","item":"https:\/\/web.graphisme.pro\/Servaville\/"},{"@type":"ListItem","position":2,"name":"Horaires de la Biblioth\u00e8que"}]},{"@type":"WebSite","@id":"https:\/\/web.graphisme.pro\/Servaville\/#website","url":"https:\/\/web.graphisme.pro\/Servaville\/","name":"Mairie de Servaville-Salmonville","description":"Seine-Maritime Normandie","publisher":{"@id":"https:\/\/web.graphisme.pro\/Servaville\/#organization"},"potentialAction":[{"@type":"SearchAction","target":{"@type":"EntryPoint","urlTemplate":"https:\/\/web.graphisme.pro\/Servaville\/?s={search_term_string}"},"query-input":"required name=search_term_string"}],"inLanguage":"fr-FR"},{"@type":"Organization","@id":"https:\/\/web.graphisme.pro\/Servaville\/#organization","name":"Mairie de Servaville-Salmonville","url":"https:\/\/web.graphisme.pro\/Servaville\/","logo":{"@type":"ImageObject","inLanguage":"fr-FR","@id":"https:\/\/web.graphisme.pro\/Servaville\/#\/schema\/logo\/image\/","url":"https:\/\/web.graphisme.pro\/Servaville\/wp-content\/uploads\/2020\/08\/servaville_logo-e1598278648383.png","contentUrl":"https:\/\/web.graphisme.pro\/Servaville\/wp-content\/uploads\/2020\/08\/servaville_logo-e1598278648383.png","width":300,"height":236,"caption":"Mairie de Servaville-Salmonville"},"image":{"@id":"https:\/\/web.graphisme.pro\/Servaville\/#\/schema\/logo\/image\/"},"sameAs":["https:\/\/fr.wikipedia.org\/wiki\/Servaville-Salmonville"]},{"@type":"Person","@id":"https:\/\/web.graphisme.pro\/Servaville\/#\/schema\/person\/2444496edd3f3b3eecc9a217d6c16ac0","name":"Servaville-mairie","sameAs":["https:\/\/web.graphisme.pro\/Servaville"],"url":"https:\/\/web.graphisme.pro\/Servaville\/author\/servaville-mairie\/"}]}},"_links":{"self":[{"href":"https:\/\/web.graphisme.pro\/Servaville\/wp-json\/wp\/v2\/posts\/1482"}],"collection":[{"href":"https:\/\/web.graphisme.pro\/Servaville\/wp-json\/wp\/v2\/posts"}],"about":[{"href":"https:\/\/web.graphisme.pro\/Servaville\/wp-json\/wp\/v2\/types\/post"}],"author":[{"embeddable":true,"href":"https:\/\/web.graphisme.pro\/Servaville\/wp-json\/wp\/v2\/users\/1"}],"replies":[{"embeddable":true,"href":"https:\/\/web.graphisme.pro\/Servaville\/wp-json\/wp\/v2\/comments?post=1482"}],"version-history":[{"count":2,"href":"https:\/\/web.graphisme.pro\/Servaville\/wp-json\/wp\/v2\/posts\/1482\/revisions"}],"predecessor-version":[{"id":1514,"href":"https:\/\/web.graphisme.pro\/Servaville\/wp-json\/wp\/v2\/posts\/1482\/revisions\/1514"}],"wp:attachment":[{"href":"https:\/\/web.graphisme.pro\/Servaville\/wp-json\/wp\/v2\/media?parent=1482"}],"wp:term":[{"taxonomy":"category","embeddable":true,"href":"https:\/\/web.graphisme.pro\/Servaville\/wp-json\/wp\/v2\/categories?post=1482"},{"taxonomy":"post_tag","embeddable":true,"href":"https:\/\/web.graphisme.pro\/Servaville\/wp-json\/wp\/v2\/tags?post=1482"}],"curies":[{"name":"wp","href":"https:\/\/api.w.org\/{rel}","templated":true}]}}