{"id":1343,"date":"2021-05-06T17:47:44","date_gmt":"2021-05-06T15:47:44","guid":{"rendered":"https:\/\/web.graphisme.pro\/Servaville\/?p=1343"},"modified":"2021-05-06T17:47:45","modified_gmt":"2021-05-06T15:47:45","slug":"plui-du-plateau-de-martainville","status":"publish","type":"post","link":"https:\/\/web.graphisme.pro\/Servaville\/plui-du-plateau-de-martainville\/","title":{"rendered":"PLUi du plateau de Martainville"},"content":{"rendered":"\n<p>Le PLUi du Plateau de Martainville a \u00e9t\u00e9 approuv\u00e9 par la Communaut\u00e9 de Communes Inter Caux Vexin le 12 avril 2021.<\/p>\n\n\n\n<p>Il est est d\u00e9sormais consultable sur le G\u00e9oportail de l&rsquo;Urbanisme (<a href=\"https:\/\/www.geoportail-urbanisme.gouv.fr\/\">https:\/\/www.geoportail-urbanisme.gouv.fr\/<\/a>).&nbsp;<\/p>\n\n\n\n<p>Vous trouverez l&rsquo;ensemble des pi\u00e8ces graphiques et \u00e9crites concernant la commune de Servaville-Salmonville en cliquant ici :<\/p>\n\n\n\n<div class=\"wp-block-buttons is-content-justification-center is-layout-flex wp-block-buttons-is-layout-flex\">\n<div class=\"wp-block-button has-custom-width wp-block-button__width-75 is-style-fill\"><a class=\"wp-block-button__link has-vivid-cyan-blue-background-color has-background\" href=\"https:\/\/www.geoportail-urbanisme.gouv.fr\/map\/#tile=1&amp;lon=1.2792250344116987&amp;lat=49.47531936374094&amp;zoom=13&amp;mlon=1.269642&amp;mlat=49.475448\" target=\"_blank\" rel=\"noreferrer noopener\">PLUi &#8211; Commune de Servaville-Salmonville<\/a><\/div>\n<\/div>\n\n\n\n<p><\/p>\n","protected":false},"excerpt":{"rendered":"<p>Le PLUi du Plateau de Martainville a \u00e9t\u00e9 approuv\u00e9 par la Communaut\u00e9 de Communes Inter Caux Vexin le 12 avril 2021. Il est est d\u00e9sormais consultable sur le G\u00e9oportail de [&hellip;]<\/p>\n","protected":false},"author":1,"featured_media":0,"comment_status":"closed","ping_status":"closed","sticky":false,"template":"","format":"standard","meta":{"_EventAllDay":false,"_EventTimezone":"","_EventStartDate":"","_EventEndDate":"","_EventStartDateUTC":"","_EventEndDateUTC":"","_EventShowMap":false,"_EventShowMapLink":false,"_EventURL":"","_EventCost":"","_EventCostDescription":"","_EventCurrencySymbol":"","_EventCurrencyCode":"","_EventCurrencyPosition":"","_EventDateTimeSeparator":"","_EventTimeRangeSeparator":"","_EventOrganizerID":[],"_EventVenueID":[],"_OrganizerEmail":"","_OrganizerPhone":"","_OrganizerWebsite":"","_VenueAddress":"","_VenueCity":"","_VenueCountry":"","_VenueProvince":"","_VenueState":"","_VenueZip":"","_VenuePhone":"","_VenueURL":"","_VenueStateProvince":"","_VenueLat":"","_VenueLng":"","_VenueShowMap":false,"_VenueShowMapLink":false,"footnotes":""},"categories":[1],"tags":[],"yoast_head":"<!-- This site is optimized with the Yoast SEO plugin v22.6 - https:\/\/yoast.com\/wordpress\/plugins\/seo\/ -->\n<title>PLUi du plateau de Martainville - Mairie de Servaville-Salmonville<\/title>\n<meta name=\"description\" content=\"PLUi plateau de Martainville inter Caux Vexin\" \/>\n<meta name=\"robots\" content=\"index, follow, max-snippet:-1, max-image-preview:large, max-video-preview:-1\" \/>\n<link rel=\"canonical\" href=\"https:\/\/web.graphisme.pro\/Servaville\/plui-du-plateau-de-martainville\/\" \/>\n<meta property=\"og:locale\" content=\"fr_FR\" \/>\n<meta property=\"og:type\" content=\"article\" \/>\n<meta property=\"og:title\" content=\"PLUi du plateau de Martainville - Mairie de Servaville-Salmonville\" \/>\n<meta property=\"og:description\" content=\"PLUi plateau de Martainville inter Caux Vexin\" \/>\n<meta property=\"og:url\" content=\"https:\/\/web.graphisme.pro\/Servaville\/plui-du-plateau-de-martainville\/\" \/>\n<meta property=\"og:site_name\" content=\"Mairie de Servaville-Salmonville\" \/>\n<meta property=\"article:published_time\" content=\"2021-05-06T15:47:44+00:00\" \/>\n<meta property=\"article:modified_time\" content=\"2021-05-06T15:47:45+00:00\" \/>\n<meta name=\"author\" content=\"Servaville-mairie\" \/>\n<meta name=\"twitter:card\" content=\"summary_large_image\" \/>\n<meta name=\"twitter:label1\" content=\"\u00c9crit par\" \/>\n\t<meta name=\"twitter:data1\" content=\"Servaville-mairie\" \/>\n\t<meta name=\"twitter:label2\" content=\"Dur\u00e9e de lecture estim\u00e9e\" \/>\n\t<meta name=\"twitter:data2\" content=\"1 minute\" \/>\n<script type=\"application\/ld+json\" class=\"yoast-schema-graph\">{\"@context\":\"https:\/\/schema.org\",\"@graph\":[{\"@type\":\"Article\",\"@id\":\"https:\/\/web.graphisme.pro\/Servaville\/plui-du-plateau-de-martainville\/#article\",\"isPartOf\":{\"@id\":\"https:\/\/web.graphisme.pro\/Servaville\/plui-du-plateau-de-martainville\/\"},\"author\":{\"name\":\"Servaville-mairie\",\"@id\":\"https:\/\/web.graphisme.pro\/Servaville\/#\/schema\/person\/2444496edd3f3b3eecc9a217d6c16ac0\"},\"headline\":\"PLUi du plateau de Martainville\",\"datePublished\":\"2021-05-06T15:47:44+00:00\",\"dateModified\":\"2021-05-06T15:47:45+00:00\",\"mainEntityOfPage\":{\"@id\":\"https:\/\/web.graphisme.pro\/Servaville\/plui-du-plateau-de-martainville\/\"},\"wordCount\":66,\"publisher\":{\"@id\":\"https:\/\/web.graphisme.pro\/Servaville\/#organization\"},\"articleSection\":[\"Actualit\u00e9s\"],\"inLanguage\":\"fr-FR\"},{\"@type\":\"WebPage\",\"@id\":\"https:\/\/web.graphisme.pro\/Servaville\/plui-du-plateau-de-martainville\/\",\"url\":\"https:\/\/web.graphisme.pro\/Servaville\/plui-du-plateau-de-martainville\/\",\"name\":\"PLUi du plateau de Martainville - Mairie de Servaville-Salmonville\",\"isPartOf\":{\"@id\":\"https:\/\/web.graphisme.pro\/Servaville\/#website\"},\"datePublished\":\"2021-05-06T15:47:44+00:00\",\"dateModified\":\"2021-05-06T15:47:45+00:00\",\"description\":\"PLUi plateau de Martainville inter Caux Vexin\",\"breadcrumb\":{\"@id\":\"https:\/\/web.graphisme.pro\/Servaville\/plui-du-plateau-de-martainville\/#breadcrumb\"},\"inLanguage\":\"fr-FR\",\"potentialAction\":[{\"@type\":\"ReadAction\",\"target\":[\"https:\/\/web.graphisme.pro\/Servaville\/plui-du-plateau-de-martainville\/\"]}]},{\"@type\":\"BreadcrumbList\",\"@id\":\"https:\/\/web.graphisme.pro\/Servaville\/plui-du-plateau-de-martainville\/#breadcrumb\",\"itemListElement\":[{\"@type\":\"ListItem\",\"position\":1,\"name\":\"Accueil\",\"item\":\"https:\/\/web.graphisme.pro\/Servaville\/\"},{\"@type\":\"ListItem\",\"position\":2,\"name\":\"PLUi du plateau de Martainville\"}]},{\"@type\":\"WebSite\",\"@id\":\"https:\/\/web.graphisme.pro\/Servaville\/#website\",\"url\":\"https:\/\/web.graphisme.pro\/Servaville\/\",\"name\":\"Mairie de Servaville-Salmonville\",\"description\":\"Seine-Maritime Normandie\",\"publisher\":{\"@id\":\"https:\/\/web.graphisme.pro\/Servaville\/#organization\"},\"potentialAction\":[{\"@type\":\"SearchAction\",\"target\":{\"@type\":\"EntryPoint\",\"urlTemplate\":\"https:\/\/web.graphisme.pro\/Servaville\/?s={search_term_string}\"},\"query-input\":\"required name=search_term_string\"}],\"inLanguage\":\"fr-FR\"},{\"@type\":\"Organization\",\"@id\":\"https:\/\/web.graphisme.pro\/Servaville\/#organization\",\"name\":\"Mairie de Servaville-Salmonville\",\"url\":\"https:\/\/web.graphisme.pro\/Servaville\/\",\"logo\":{\"@type\":\"ImageObject\",\"inLanguage\":\"fr-FR\",\"@id\":\"https:\/\/web.graphisme.pro\/Servaville\/#\/schema\/logo\/image\/\",\"url\":\"https:\/\/web.graphisme.pro\/Servaville\/wp-content\/uploads\/2020\/08\/servaville_logo-e1598278648383.png\",\"contentUrl\":\"https:\/\/web.graphisme.pro\/Servaville\/wp-content\/uploads\/2020\/08\/servaville_logo-e1598278648383.png\",\"width\":300,\"height\":236,\"caption\":\"Mairie de Servaville-Salmonville\"},\"image\":{\"@id\":\"https:\/\/web.graphisme.pro\/Servaville\/#\/schema\/logo\/image\/\"},\"sameAs\":[\"https:\/\/fr.wikipedia.org\/wiki\/Servaville-Salmonville\"]},{\"@type\":\"Person\",\"@id\":\"https:\/\/web.graphisme.pro\/Servaville\/#\/schema\/person\/2444496edd3f3b3eecc9a217d6c16ac0\",\"name\":\"Servaville-mairie\",\"sameAs\":[\"https:\/\/web.graphisme.pro\/Servaville\"],\"url\":\"https:\/\/web.graphisme.pro\/Servaville\/author\/servaville-mairie\/\"}]}<\/script>\n<!-- \/ Yoast SEO plugin. -->","yoast_head_json":{"title":"PLUi du plateau de Martainville - Mairie de Servaville-Salmonville","description":"PLUi plateau de Martainville inter Caux Vexin","robots":{"index":"index","follow":"follow","max-snippet":"max-snippet:-1","max-image-preview":"max-image-preview:large","max-video-preview":"max-video-preview:-1"},"canonical":"https:\/\/web.graphisme.pro\/Servaville\/plui-du-plateau-de-martainville\/","og_locale":"fr_FR","og_type":"article","og_title":"PLUi du plateau de Martainville - Mairie de Servaville-Salmonville","og_description":"PLUi plateau de Martainville inter Caux Vexin","og_url":"https:\/\/web.graphisme.pro\/Servaville\/plui-du-plateau-de-martainville\/","og_site_name":"Mairie de Servaville-Salmonville","article_published_time":"2021-05-06T15:47:44+00:00","article_modified_time":"2021-05-06T15:47:45+00:00","author":"Servaville-mairie","twitter_card":"summary_large_image","twitter_misc":{"\u00c9crit par":"Servaville-mairie","Dur\u00e9e de lecture estim\u00e9e":"1 minute"},"schema":{"@context":"https:\/\/schema.org","@graph":[{"@type":"Article","@id":"https:\/\/web.graphisme.pro\/Servaville\/plui-du-plateau-de-martainville\/#article","isPartOf":{"@id":"https:\/\/web.graphisme.pro\/Servaville\/plui-du-plateau-de-martainville\/"},"author":{"name":"Servaville-mairie","@id":"https:\/\/web.graphisme.pro\/Servaville\/#\/schema\/person\/2444496edd3f3b3eecc9a217d6c16ac0"},"headline":"PLUi du plateau de Martainville","datePublished":"2021-05-06T15:47:44+00:00","dateModified":"2021-05-06T15:47:45+00:00","mainEntityOfPage":{"@id":"https:\/\/web.graphisme.pro\/Servaville\/plui-du-plateau-de-martainville\/"},"wordCount":66,"publisher":{"@id":"https:\/\/web.graphisme.pro\/Servaville\/#organization"},"articleSection":["Actualit\u00e9s"],"inLanguage":"fr-FR"},{"@type":"WebPage","@id":"https:\/\/web.graphisme.pro\/Servaville\/plui-du-plateau-de-martainville\/","url":"https:\/\/web.graphisme.pro\/Servaville\/plui-du-plateau-de-martainville\/","name":"PLUi du plateau de Martainville - Mairie de Servaville-Salmonville","isPartOf":{"@id":"https:\/\/web.graphisme.pro\/Servaville\/#website"},"datePublished":"2021-05-06T15:47:44+00:00","dateModified":"2021-05-06T15:47:45+00:00","description":"PLUi plateau de Martainville inter Caux Vexin","breadcrumb":{"@id":"https:\/\/web.graphisme.pro\/Servaville\/plui-du-plateau-de-martainville\/#breadcrumb"},"inLanguage":"fr-FR","potentialAction":[{"@type":"ReadAction","target":["https:\/\/web.graphisme.pro\/Servaville\/plui-du-plateau-de-martainville\/"]}]},{"@type":"BreadcrumbList","@id":"https:\/\/web.graphisme.pro\/Servaville\/plui-du-plateau-de-martainville\/#breadcrumb","itemListElement":[{"@type":"ListItem","position":1,"name":"Accueil","item":"https:\/\/web.graphisme.pro\/Servaville\/"},{"@type":"ListItem","position":2,"name":"PLUi du plateau de Martainville"}]},{"@type":"WebSite","@id":"https:\/\/web.graphisme.pro\/Servaville\/#website","url":"https:\/\/web.graphisme.pro\/Servaville\/","name":"Mairie de Servaville-Salmonville","description":"Seine-Maritime Normandie","publisher":{"@id":"https:\/\/web.graphisme.pro\/Servaville\/#organization"},"potentialAction":[{"@type":"SearchAction","target":{"@type":"EntryPoint","urlTemplate":"https:\/\/web.graphisme.pro\/Servaville\/?s={search_term_string}"},"query-input":"required name=search_term_string"}],"inLanguage":"fr-FR"},{"@type":"Organization","@id":"https:\/\/web.graphisme.pro\/Servaville\/#organization","name":"Mairie de Servaville-Salmonville","url":"https:\/\/web.graphisme.pro\/Servaville\/","logo":{"@type":"ImageObject","inLanguage":"fr-FR","@id":"https:\/\/web.graphisme.pro\/Servaville\/#\/schema\/logo\/image\/","url":"https:\/\/web.graphisme.pro\/Servaville\/wp-content\/uploads\/2020\/08\/servaville_logo-e1598278648383.png","contentUrl":"https:\/\/web.graphisme.pro\/Servaville\/wp-content\/uploads\/2020\/08\/servaville_logo-e1598278648383.png","width":300,"height":236,"caption":"Mairie de Servaville-Salmonville"},"image":{"@id":"https:\/\/web.graphisme.pro\/Servaville\/#\/schema\/logo\/image\/"},"sameAs":["https:\/\/fr.wikipedia.org\/wiki\/Servaville-Salmonville"]},{"@type":"Person","@id":"https:\/\/web.graphisme.pro\/Servaville\/#\/schema\/person\/2444496edd3f3b3eecc9a217d6c16ac0","name":"Servaville-mairie","sameAs":["https:\/\/web.graphisme.pro\/Servaville"],"url":"https:\/\/web.graphisme.pro\/Servaville\/author\/servaville-mairie\/"}]}},"_links":{"self":[{"href":"https:\/\/web.graphisme.pro\/Servaville\/wp-json\/wp\/v2\/posts\/1343"}],"collection":[{"href":"https:\/\/web.graphisme.pro\/Servaville\/wp-json\/wp\/v2\/posts"}],"about":[{"href":"https:\/\/web.graphisme.pro\/Servaville\/wp-json\/wp\/v2\/types\/post"}],"author":[{"embeddable":true,"href":"https:\/\/web.graphisme.pro\/Servaville\/wp-json\/wp\/v2\/users\/1"}],"replies":[{"embeddable":true,"href":"https:\/\/web.graphisme.pro\/Servaville\/wp-json\/wp\/v2\/comments?post=1343"}],"version-history":[{"count":2,"href":"https:\/\/web.graphisme.pro\/Servaville\/wp-json\/wp\/v2\/posts\/1343\/revisions"}],"predecessor-version":[{"id":1345,"href":"https:\/\/web.graphisme.pro\/Servaville\/wp-json\/wp\/v2\/posts\/1343\/revisions\/1345"}],"wp:attachment":[{"href":"https:\/\/web.graphisme.pro\/Servaville\/wp-json\/wp\/v2\/media?parent=1343"}],"wp:term":[{"taxonomy":"category","embeddable":true,"href":"https:\/\/web.graphisme.pro\/Servaville\/wp-json\/wp\/v2\/categories?post=1343"},{"taxonomy":"post_tag","embeddable":true,"href":"https:\/\/web.graphisme.pro\/Servaville\/wp-json\/wp\/v2\/tags?post=1343"}],"curies":[{"name":"wp","href":"https:\/\/api.w.org\/{rel}","templated":true}]}}